{"id":3893,"date":"2019-09-12T09:42:01","date_gmt":"2019-09-12T14:42:01","guid":{"rendered":"http:\/\/www.zonaroja.com.mx\/?p=3893"},"modified":"2019-09-12T09:42:04","modified_gmt":"2019-09-12T14:42:04","slug":"liberarian-hoy-a-gabriela-j-y-vicente-m-les-quitarian-cargos","status":"publish","type":"post","link":"https:\/\/zonaroja.com.mx\/?p=3893","title":{"rendered":"Liberar\u00edan hoy a Gabriela J. y Vicente M.; les quitar\u00edan cargos"},"content":{"rendered":"\n<p>Redacci\u00f3n\/Zona\nRoja.<\/p>\n\n\n\n<p>Oaxaca de\nJu\u00e1rez, Oax., 12 de septiembre de 2019.- Aunque la audiencia contin\u00faa el\npr\u00f3ximo 14 de septiembre, este jueves podr\u00edan ser liberados Gabriela J. y\nVicente M., aprehendidos el martes por la Fiscal\u00eda General del Estado, por el\ndelito de extorsi\u00f3n en contra de la Universidad Aut\u00f3noma \u201cBenito Ju\u00e1rez\u201d de\nOaxaca.<\/p>\n\n\n\n<p>Al vencerse\nlas 72 horas, \u201cvan a tener una audiencia y despu\u00e9s ser\u00e1n liberados de los\ncargos\u201d, revel\u00f3 Jes\u00fas Manzo Mart\u00ednez, integrante del Bloque Estudiantil\nAnarquista y Socialista (BEAS), una de las organizaciones que tuvo en su poder\ntres inmuebles de Ciudad Universitaria durante tres d\u00edas.<\/p>\n\n\n\n<p>\u201cLos acuerdos\nque tenemos es que no aportar\u00e1n pruebas por los cargos que imputaron\u201d, expuso,\npor lo que confi\u00f3 en que quedar\u00e1n absueltos de las imputaciones.<\/p>\n\n\n\n<p>Dijo que aceptaron la mesa de di\u00e1logo que reiteradamente les hab\u00eda ofrecido la Universidad, a trav\u00e9s del rector Eduardo Bautista Mart\u00ednez, con el fin de analizar la gratuidad en la educaci\u00f3n.<\/p>\n\n\n\n<figure class=\"wp-block-embed-twitter wp-block-embed is-type-rich is-provider-twitter\"><div class=\"wp-block-embed__wrapper\">\n<div class=\"twitter-tweet\"><blockquote class=\"twitter-tweet\" data-lang=\"es\"><p lang=\"es\" dir=\"ltr\"><a href=\"https:\/\/twitter.com\/hashtag\/OaxacaRojo?src=hash&amp;ref_src=twsrc%5Etfw\">#OaxacaRojo<\/a><a href=\"https:\/\/twitter.com\/hashtag\/Impunidad?src=hash&amp;ref_src=twsrc%5Etfw\">#Impunidad<\/a><br>Revela activista que ma\u00f1ana saldr\u00edan libres, por falta de pruebas por parte de la <a href=\"https:\/\/twitter.com\/FISCALIA_GobOax?ref_src=twsrc%5Etfw\">@FISCALIA_GobOax<\/a>, los detenidos ayer por extorsi\u00f3n a la UABJO, Gabriela J. y Vicente M. <a href=\"https:\/\/t.co\/3W5uF4hjUq\">pic.twitter.com\/3W5uF4hjUq<\/a><\/p>&mdash; Zona Roja Oaxaca (@MexRoja) <a href=\"https:\/\/twitter.com\/MexRoja\/status\/1172005181065715712?ref_src=twsrc%5Etfw\">12 de septiembre de 2019<\/a><\/blockquote><\/div>\n<\/div><\/figure>\n\n\n\n<p>Este mi\u00e9rcoles\ndespu\u00e9s del mediod\u00eda entregaron los edificios de Rector\u00eda, Redes y Servicios\nEscolares, que manten\u00edan \u201ctomados\u201d.<\/p>\n\n\n\n<p>\u201cAnte estos\nhechos y luego de recibir la denuncia por parte de las autoridades educativas\nde la UABJO, la Instituci\u00f3n de procuraci\u00f3n de justicia dio inicio a las\ninvestigaciones correspondientes, identificando y ejecutando la orden de\naprehensi\u00f3n otorgada por el Juez de Control, presentando a los imputados ante\nla autoridad que los requiri\u00f3.<\/p>\n\n\n\n<p>\u201cEn\naudiencia, la defensa de los imputados solicit\u00f3 ampliaci\u00f3n del t\u00e9rmino\nconstitucional,&nbsp; dictando&nbsp; prisi\u00f3n preventiva a los imputados,\ncontinuando con la audiencia el pr\u00f3ximo 14 de septiembre.<\/p>\n\n\n\n<p>\u201cLa Fiscal\u00eda\nGeneral reitera su compromiso de actuar con firmeza y presentar ante la\njusticia a quienes con sus actos generan conflictos e impiden el cumplimiento\nde actividades en las instituciones, sobre todo cuando se trata de \u00e1reas\neducativas\u201d, inform\u00f3 ayer la instituci\u00f3n a trav\u00e9s de un comunicado.<\/p>\n","protected":false},"excerpt":{"rendered":"<p>Redacci\u00f3n\/Zona Roja. Oaxaca de Ju\u00e1rez, Oax., 12 de septiembre de 2019.- Aunque la audiencia contin\u00faa&hellip;<\/p>\n","protected":false},"author":2,"featured_media":3894,"comment_status":"closed","ping_status":"open","sticky":false,"template":"","format":"standard","meta":{"_lmt_disableupdate":"","_lmt_disable":"","_jetpack_memberships_contains_paid_content":false,"footnotes":""},"categories":[109,47],"tags":[282],"class_list":["post-3893","post","type-post","status-publish","format-standard","has-post-thumbnail","hentry","category-minuto-a-minuto","category-zona-gris","tag-universidad-autonoma-benito-juarez-de-oaxaca"],"jetpack_featured_media_url":"https:\/\/zonaroja.com.mx\/wp-content\/uploads\/2019\/09\/IMG_7147.jpg","jetpack_sharing_enabled":true,"_links":{"self":[{"href":"https:\/\/zonaroja.com.mx\/index.php?rest_route=\/wp\/v2\/posts\/3893","targetHints":{"allow":["GET"]}}],"collection":[{"href":"https:\/\/zonaroja.com.mx\/index.php?rest_route=\/wp\/v2\/posts"}],"about":[{"href":"https:\/\/zonaroja.com.mx\/index.php?rest_route=\/wp\/v2\/types\/post"}],"author":[{"embeddable":true,"href":"https:\/\/zonaroja.com.mx\/index.php?rest_route=\/wp\/v2\/users\/2"}],"replies":[{"embeddable":true,"href":"https:\/\/zonaroja.com.mx\/index.php?rest_route=%2Fwp%2Fv2%2Fcomments&post=3893"}],"version-history":[{"count":2,"href":"https:\/\/zonaroja.com.mx\/index.php?rest_route=\/wp\/v2\/posts\/3893\/revisions"}],"predecessor-version":[{"id":3982,"href":"https:\/\/zonaroja.com.mx\/index.php?rest_route=\/wp\/v2\/posts\/3893\/revisions\/3982"}],"wp:featuredmedia":[{"embeddable":true,"href":"https:\/\/zonaroja.com.mx\/index.php?rest_route=\/wp\/v2\/media\/3894"}],"wp:attachment":[{"href":"https:\/\/zonaroja.com.mx\/index.php?rest_route=%2Fwp%2Fv2%2Fmedia&parent=3893"}],"wp:term":[{"taxonomy":"category","embeddable":true,"href":"https:\/\/zonaroja.com.mx\/index.php?rest_route=%2Fwp%2Fv2%2Fcategories&post=3893"},{"taxonomy":"post_tag","embeddable":true,"href":"https:\/\/zonaroja.com.mx\/index.php?rest_route=%2Fwp%2Fv2%2Ftags&post=3893"}],"curies":[{"name":"wp","href":"https:\/\/api.w.org\/{rel}","templated":true}]}}