{"id":38943,"date":"2022-03-19T14:35:01","date_gmt":"2022-03-19T20:35:01","guid":{"rendered":"http:\/\/www.zonaroja.com.mx\/?p=38943"},"modified":"2022-03-19T14:35:02","modified_gmt":"2022-03-19T20:35:02","slug":"segundo-dia-de-gira-de-amlo-por-el-istmo-en-medio-de-protestas","status":"publish","type":"post","link":"https:\/\/zonaroja.com.mx\/?p=38943","title":{"rendered":"Segundo d\u00eda de gira de AMLO por el Istmo, en medio de protestas"},"content":{"rendered":"\n<p>Redacci\u00f3n\/Zona Roja.<\/p>\n\n\n\n<p>Oaxaca de Ju\u00e1rez, Oax., 19 de marzo de 2022.- En el segundo d\u00eda de gira del Presidente Andr\u00e9s Manuel L\u00f3pez Obrador por el Istmo de Tehuantepec, en la regi\u00f3n se registran dos bloqueos carreteros\u2026 por omisiones de edil y dirigente morenista.<\/p>\n\n\n\n<p>En la v\u00eda federal Panamericana, a la altura de Puente Madera, un grupo de pobladores de San Blas Atempa amaga con radicalizar acciones \u2014como lo hicieron el mes pasado, en que incendiaron patrullas y veh\u00edculos\u2014 para reiterar su oposici\u00f3n a los proyectos del Corredor Trans\u00edstimico.<\/p>\n\n\n\n<p>Presuntamente son seguidores de Antonino Morales, ex edil de San Blas Atempa, dirigente de la organizaci\u00f3n FUCO y uno de los principales incondicionales del senador con licencia Salom\u00f3n Jara Cruz.<\/p>\n\n\n\n<p>En tanto, la inconformidad desatendida por la autoridad municipal de Juchit\u00e1n de Zaragoza y la Secretar\u00eda General de Gobierno (Segego) ha alimentado una intensa protesta por parte de habitantes de la agencia municipal de \u00c1lvaro Obreg\u00f3n que este s\u00e1bado cumple seis d\u00edas.<\/p>\n\n\n\n<p>Los inconformes volvieron a activar este d\u00eda el bloqueo en la carretera Panamericana, en el entronque a su comunidad y \u201ctomaron\u201d el palacio municipal de Juchit\u00e1n de Zaragoza, gobernado por Emilio Montero P\u00e9rez, de Morena, para presionar sobre la nulidad de la elecci\u00f3n de renovaci\u00f3n de autoridades auxiliares en esa agencia.<\/p>\n\n\n\n<p>En el marco del arribo del Presidente L\u00f3pez Obrador al Istmo de Tehuantepec la tarde de ayer, para una gira de trabajo, la manifestaci\u00f3n se intensific\u00f3 con la quema de un autob\u00fas propiedad de Petr\u00f3leos Mexicanos.<\/p>\n\n\n\n<p>La unidad hab\u00eda sido retenida para bloquear la carretera Panamericana en el punto conocido como \u201cPepe y Lolita\u201d, donde permanecen en protesta desde el pasado lunes 14 de marzo.<\/p>\n\n\n\n<p>Pero ante la tard\u00eda respuesta de las autoridades municipales y estatales para desactivar la movilizaci\u00f3n, este s\u00e1bado volvieron a apoderarse de otra unidad del transporte p\u00fablico, el cual advirtieron que incendiar\u00e1n de no ser atendidos.<\/p>\n\n\n\n<p>Miles de automovilistas que deben transitar por este punto se han visto afectados, buscando v\u00edas alternas para continuar con sus destinos en su paso por esta zona del Istmo de Tehuantepec.<\/p>\n\n\n\n<p>LA PROBLEM\u00c1TICA<\/p>\n\n\n\n<p>Un grupo de pobladores de la agencia de \u00c1lvaro Obreg\u00f3n exigen que se anule la elecci\u00f3n de autoridades municipales ante la derrota de su candidato el pasado 13 de marzo.<\/p>\n\n\n\n<p>Aunque las autoridades reportaron que se realiz\u00f3 una jornada ordenada, los inconformes expresaron que se registraron actos que entorpecieron los resultados.&nbsp;<\/p>\n","protected":false},"excerpt":{"rendered":"<p>Redacci\u00f3n\/Zona Roja. Oaxaca de Ju\u00e1rez, Oax., 19 de marzo de 2022.- En el segundo d\u00eda&hellip;<\/p>\n","protected":false},"author":2,"featured_media":38944,"comment_status":"closed","ping_status":"open","sticky":false,"template":"","format":"standard","meta":{"_lmt_disableupdate":"","_lmt_disable":"","_jetpack_memberships_contains_paid_content":false,"footnotes":""},"categories":[109,47],"tags":[123],"class_list":["post-38943","post","type-post","status-publish","format-standard","has-post-thumbnail","hentry","category-minuto-a-minuto","category-zona-gris","tag-juchitan-de-zaragoza"],"jetpack_featured_media_url":"https:\/\/zonaroja.com.mx\/wp-content\/uploads\/2022\/03\/Protesta-agencia-Alvaro-Obregon.jpg","jetpack_sharing_enabled":true,"_links":{"self":[{"href":"https:\/\/zonaroja.com.mx\/index.php?rest_route=\/wp\/v2\/posts\/38943","targetHints":{"allow":["GET"]}}],"collection":[{"href":"https:\/\/zonaroja.com.mx\/index.php?rest_route=\/wp\/v2\/posts"}],"about":[{"href":"https:\/\/zonaroja.com.mx\/index.php?rest_route=\/wp\/v2\/types\/post"}],"author":[{"embeddable":true,"href":"https:\/\/zonaroja.com.mx\/index.php?rest_route=\/wp\/v2\/users\/2"}],"replies":[{"embeddable":true,"href":"https:\/\/zonaroja.com.mx\/index.php?rest_route=%2Fwp%2Fv2%2Fcomments&post=38943"}],"version-history":[{"count":1,"href":"https:\/\/zonaroja.com.mx\/index.php?rest_route=\/wp\/v2\/posts\/38943\/revisions"}],"predecessor-version":[{"id":38945,"href":"https:\/\/zonaroja.com.mx\/index.php?rest_route=\/wp\/v2\/posts\/38943\/revisions\/38945"}],"wp:featuredmedia":[{"embeddable":true,"href":"https:\/\/zonaroja.com.mx\/index.php?rest_route=\/wp\/v2\/media\/38944"}],"wp:attachment":[{"href":"https:\/\/zonaroja.com.mx\/index.php?rest_route=%2Fwp%2Fv2%2Fmedia&parent=38943"}],"wp:term":[{"taxonomy":"category","embeddable":true,"href":"https:\/\/zonaroja.com.mx\/index.php?rest_route=%2Fwp%2Fv2%2Fcategories&post=38943"},{"taxonomy":"post_tag","embeddable":true,"href":"https:\/\/zonaroja.com.mx\/index.php?rest_route=%2Fwp%2Fv2%2Ftags&post=38943"}],"curies":[{"name":"wp","href":"https:\/\/api.w.org\/{rel}","templated":true}]}}