{"id":38946,"date":"2022-03-19T15:54:25","date_gmt":"2022-03-19T21:54:25","guid":{"rendered":"http:\/\/www.zonaroja.com.mx\/?p=38946"},"modified":"2022-03-19T15:54:28","modified_gmt":"2022-03-19T21:54:28","slug":"hallan-osamenta-de-desaparecido-hace-un-mes-en-huautla-estaba-esposado","status":"publish","type":"post","link":"https:\/\/zonaroja.com.mx\/?p=38946","title":{"rendered":"Hallan osamenta de desaparecido hace un mes en Huautla; estaba esposado"},"content":{"rendered":"\n<p>Redacci\u00f3n\/Zona Roja.<\/p>\n\n\n\n<p>Oaxaca de Ju\u00e1rez, Oax., 19 de marzo de 2022.- El cuerpo de una persona del sexo masculino, en avanzado estado de descomposici\u00f3n, fue localizado anoche en Huautla de Jim\u00e9nez, Oaxaca.<\/p>\n\n\n\n<p>El cuerpo presuntamente se trata de Jos\u00e9 Luis Garc\u00eda Garc\u00eda, de 32 a\u00f1os de edad, reportado como desaparecido el 21 de febrero de este a\u00f1o; fue visto por \u00faltima vez en la calle Constituyentes del centro de dicho municipio de la regi\u00f3n Ca\u00f1ada.<\/p>\n\n\n\n<p>No obstante, seg\u00fan sus denunciaron sus familiares, despu\u00e9s se enteraron que hab\u00eda sido detenido por personal de la Agencia Estatal de Investigaciones (AEI), supuestamente por una orden de aprehensi\u00f3n.<\/p>\n\n\n\n<p>El hombre se habr\u00eda fugado esposado mientras los agentes de la Fiscal\u00eda General del Estado realizaban su informe. Fue ayer 18 de marzo por la tarde en que fue localizado sin vida cerca del pante\u00f3n chico del municipio.<\/p>\n\n\n\n<p>Fue la esposa del hoy occiso, Valeria C. quien present\u00f3 la denuncia por desaparici\u00f3n y alert\u00f3 de sus sospechas de que habr\u00eda sido desaparecido y asesinado por los propios elementos de la AEI, por lo cual los familiares exigen justicia.<\/p>\n\n\n\n<figure class=\"wp-block-embed is-type-rich is-provider-twitter wp-block-embed-twitter\"><div class=\"wp-block-embed__wrapper\">\n<div class=\"twitter-tweet\"><blockquote class=\"twitter-tweet\" data-lang=\"es\"><p lang=\"es\" dir=\"ltr\">Se compromete Fiscal\u00eda de Oaxaca a realizar investigaci\u00f3n sin sesgo tras hallazgo de persona fallecida en Huautla de Jim\u00e9nez <a href=\"https:\/\/t.co\/15CN5YXNMZ\">pic.twitter.com\/15CN5YXNMZ<\/a><\/p>&mdash; Fiscal\u00eda General (@FISCALIA_GobOax) <a href=\"https:\/\/twitter.com\/FISCALIA_GobOax\/status\/1505300967146803205?ref_src=twsrc%5Etfw\">19 de marzo de 2022<\/a><\/blockquote><\/div>\n<\/div><\/figure>\n\n\n\n<p>INDAGA FISCAL\u00cdA<\/p>\n\n\n\n<p>La Fiscal\u00eda General del Estado de Oaxaca inform\u00f3 hoy, por su parte, que inici\u00f3 la Carpeta de Investigaci\u00f3n 9283\/FNSC\/Huautla\/2022 por el delito de homicidio en contra de J. L. G. G. (Jos\u00e9 Luis).&nbsp;<\/p>\n\n\n\n<p>Confirm\u00f3 la localizaci\u00f3n del cuerpo, ayer por la tarde-noche y, de acuerdo con los primeros peritajes de la Fiscal\u00eda, el hombre falleci\u00f3 por una hemorragia interna intensa por contusi\u00f3n, con fracturas m\u00faltiples.<\/p>\n\n\n\n<p>De acuerdo con el m\u00e9dico legista, la v\u00edctima presentaba una fractura en el tobillo, as\u00ed como lesiones en las costillas, que habr\u00edan sido provocadas por una ca\u00edda.<\/p>\n\n\n\n<p>\u201cLa Fiscal\u00eda de Oaxaca garantiza investigaciones sin sesgo para determina la responsabilidad de quien haya cometido un crimen, sin importar de quien se trate\u201d, expuso en un comunicado.<\/p>\n","protected":false},"excerpt":{"rendered":"<p>Redacci\u00f3n\/Zona Roja. Oaxaca de Ju\u00e1rez, Oax., 19 de marzo de 2022.- El cuerpo de una&hellip;<\/p>\n","protected":false},"author":2,"featured_media":38947,"comment_status":"closed","ping_status":"open","sticky":false,"template":"","format":"standard","meta":{"_lmt_disableupdate":"","_lmt_disable":"","_jetpack_memberships_contains_paid_content":false,"footnotes":""},"categories":[109,47],"tags":[203],"class_list":["post-38946","post","type-post","status-publish","format-standard","has-post-thumbnail","hentry","category-minuto-a-minuto","category-zona-gris","tag-huautla-de-jimenez"],"jetpack_featured_media_url":"https:\/\/zonaroja.com.mx\/wp-content\/uploads\/2022\/03\/Desaparecido-Huautla.jpg","jetpack_sharing_enabled":true,"_links":{"self":[{"href":"https:\/\/zonaroja.com.mx\/index.php?rest_route=\/wp\/v2\/posts\/38946","targetHints":{"allow":["GET"]}}],"collection":[{"href":"https:\/\/zonaroja.com.mx\/index.php?rest_route=\/wp\/v2\/posts"}],"about":[{"href":"https:\/\/zonaroja.com.mx\/index.php?rest_route=\/wp\/v2\/types\/post"}],"author":[{"embeddable":true,"href":"https:\/\/zonaroja.com.mx\/index.php?rest_route=\/wp\/v2\/users\/2"}],"replies":[{"embeddable":true,"href":"https:\/\/zonaroja.com.mx\/index.php?rest_route=%2Fwp%2Fv2%2Fcomments&post=38946"}],"version-history":[{"count":1,"href":"https:\/\/zonaroja.com.mx\/index.php?rest_route=\/wp\/v2\/posts\/38946\/revisions"}],"predecessor-version":[{"id":38948,"href":"https:\/\/zonaroja.com.mx\/index.php?rest_route=\/wp\/v2\/posts\/38946\/revisions\/38948"}],"wp:featuredmedia":[{"embeddable":true,"href":"https:\/\/zonaroja.com.mx\/index.php?rest_route=\/wp\/v2\/media\/38947"}],"wp:attachment":[{"href":"https:\/\/zonaroja.com.mx\/index.php?rest_route=%2Fwp%2Fv2%2Fmedia&parent=38946"}],"wp:term":[{"taxonomy":"category","embeddable":true,"href":"https:\/\/zonaroja.com.mx\/index.php?rest_route=%2Fwp%2Fv2%2Fcategories&post=38946"},{"taxonomy":"post_tag","embeddable":true,"href":"https:\/\/zonaroja.com.mx\/index.php?rest_route=%2Fwp%2Fv2%2Ftags&post=38946"}],"curies":[{"name":"wp","href":"https:\/\/api.w.org\/{rel}","templated":true}]}}