{"id":38964,"date":"2022-03-19T20:53:25","date_gmt":"2022-03-20T02:53:25","guid":{"rendered":"http:\/\/www.zonaroja.com.mx\/?p=38964"},"modified":"2022-03-19T20:53:27","modified_gmt":"2022-03-20T02:53:27","slug":"celebran-tercer-aniversario-de-confederacion-internacional-de-trabajadores-de-oaxaca","status":"publish","type":"post","link":"https:\/\/zonaroja.com.mx\/?p=38964","title":{"rendered":"Celebran tercer aniversario de Confederaci\u00f3n Internacional de Trabajadores de Oaxaca"},"content":{"rendered":"\n<p>Redacci\u00f3n\/Zona Roja.<\/p>\n\n\n\n<p>Oaxaca de Ju\u00e1rez, Oax., 19 de marzo de 2022.- Con la presencia del senador y presidente nacional del gremio, Napole\u00f3n G\u00f3mez Urrutia, este s\u00e1bado la Confederaci\u00f3n Internacional de Trabajadores (CIT), delegaci\u00f3n Oaxaca, celebr\u00f3 el tercer aniversario de su creaci\u00f3n.<\/p>\n\n\n\n<p>El acto se realiz\u00f3 en un predio al sur de la ciudad de Oaxaca, al que acudieron cientos de afiliados, as\u00ed como el secretario General en la entidad, Hip\u00f3lito Rojas.<\/p>\n\n\n\n<p>Acompa\u00f1ado de su esposa Oralia Casso, G\u00f3mez Urrutia resalt\u00f3 que la CIT est\u00e1 transformando la lucha por los derechos laborales en M\u00e9xico.&nbsp;<\/p>\n\n\n\n<p>\u201cSe trata de una organizaci\u00f3n \u00fanica en su tipo, ya que surge para dar respuesta a las demandas de&nbsp;las y los trabajadores de mejorar las condiciones laborales en diferentes regiones del pa\u00eds. En este sentido, es un proyecto que naci\u00f3 desde abajo hacia arriba, para y por las y los trabajadores.<\/p>\n\n\n\n<p>\u201cA tres a\u00f1os de distancia, compa\u00f1eras y compa\u00f1eros, puedo decir con mucho orgullo que contamos con m\u00e1s de un mill\u00f3n de miembros. El movimiento sindical en M\u00e9xico hab\u00eda estado congelado y se hab\u00eda mantenido en sumisi\u00f3n por fuerzas reaccionarias que no permit\u00edan el avance de las fuerzas democr\u00e1ticas\u201d, dijo.&nbsp;<\/p>\n\n\n\n<p>Ante la presencia de los m\u00e1s de 10 mil invitados, G\u00f3mez Urrutia llam\u00f3 a participar en el proceso de revocaci\u00f3n de mandato para que la transformaci\u00f3n de nuestro pa\u00eds pueda seguir su curso.<\/p>\n\n\n\n<p>El senador tambi\u00e9n reconoci\u00f3 la valiosa labor de la CIT Oaxaca, la cual ha logrado grandes avances a pesar de las m\u00faltiples dificultades en el camino.<\/p>\n\n\n\n<figure class=\"wp-block-image size-full\"><a href=\"http:\/\/www.zonaroja.com.mx\/wp-content\/uploads\/2022\/03\/Napoleon-Gomez-Urrutia-en-Oaxca.jpg\" data-rel=\"penci-gallery-image-content\" ><img decoding=\"async\" width=\"920\" height=\"690\" src=\"http:\/\/www.zonaroja.com.mx\/wp-content\/uploads\/2022\/03\/Napoleon-Gomez-Urrutia-en-Oaxca.jpg\" alt=\"\" class=\"wp-image-38962\" srcset=\"https:\/\/zonaroja.com.mx\/wp-content\/uploads\/2022\/03\/Napoleon-Gomez-Urrutia-en-Oaxca.jpg 920w, https:\/\/zonaroja.com.mx\/wp-content\/uploads\/2022\/03\/Napoleon-Gomez-Urrutia-en-Oaxca-300x225.jpg 300w, https:\/\/zonaroja.com.mx\/wp-content\/uploads\/2022\/03\/Napoleon-Gomez-Urrutia-en-Oaxca-768x576.jpg 768w, https:\/\/zonaroja.com.mx\/wp-content\/uploads\/2022\/03\/Napoleon-Gomez-Urrutia-en-Oaxca-585x439.jpg 585w\" sizes=\"(max-width: 920px) 100vw, 920px\" \/><\/a><\/figure>\n\n\n\n<p>\u201cEstamos con ustedes, reiteramos nuestro compromiso con la defensa de los derechos laborales. Estamos con el compa\u00f1ero Hip\u00f3lito Rojas, quien hace rato nos habl\u00f3 desde el coraz\u00f3n. Yo en carne propia he vivido la persecuci\u00f3n pol\u00edtica impulsada por grupos reaccionarios y conservadores\u201d, sostuvo.<\/p>\n\n\n\n<p>Asimismo, mencion\u00f3 que Oaxaca es un basti\u00f3n muy importante para la organizaci\u00f3n que tiene el honor de presidir debido a que se trata de la cuna de movimientos sociales, sobre todo aquellos que dieron voz a la clase obrera y, eventualmente, a otros sectores de la clase trabajadora.&nbsp;<\/p>\n\n\n\n<p>Agreg\u00f3 que es un estado donde las y los trabajadores no temen exigir lo que les corresponde, es decir, condiciones laborales dignas que faciliten su pleno desarrollo, y que seguir\u00e1n contando con su apoyo.<\/p>\n\n\n\n<p>En su mensaje, Hip\u00f3lito Rojas expres\u00f3 sentirse muy feliz y orgulloso del trabajo realizado durante estos tres primeros a\u00f1os por los trabajadores, sindicatos y federaciones pertenecientes a la CIT Oaxaca.&nbsp;<\/p>\n\n\n\n<p>Tambi\u00e9n mencion\u00f3 que, pese a la crisis sanitaria mundial, esta organizaci\u00f3n ha logrado una importante consolidaci\u00f3n a nivel local, creciendo hasta tener m\u00e1s de 20 mil afiliados y afiliadas que forman parte de 12 sindicatos, adem\u00e1s de dos organizaciones sociales y un colegio de constructores.<\/p>\n\n\n\n<p>\u201cLa CIT es una organizaci\u00f3n diferente, es una organizaci\u00f3n que respeta los derechos de los trabajadores. Adem\u00e1s, la CIT, bajo el liderazgo del Senador Napole\u00f3n G\u00f3mez Urrutia, apoy\u00f3 para que se ratificara el Convenio 98 de la Organizaci\u00f3n Internacional de Trabajo (OIT), que garantiza la libertad sindical del trabajador. A partir de ese convenio, todo trabajador puede decidir a qu\u00e9 sindicato pertenecer. A partir de ese convenio no hay imposiciones\u201d, mencion\u00f3 el actual Secretario General de la CIT local.<\/p>\n\n\n\n<p>Al encuentro acudieron tambi\u00e9n la secretaria de Movilidad del gobierno de Oaxaca, Claudia Silva, as\u00ed como otros funcionarios estales y nacionales, incluyendo a Edgar Jes\u00fas Zitle, representante del Instituto Mexicano del Seguro Social; Mauricio Cant\u00fa, diputado federal; C\u00e9sar Mateos, diputado local del Congreso del Estado.&nbsp;<\/p>\n\n\n\n<p>Asimismo, estuvieron presentes el dirigente social y pol\u00edtico, Flavio Sosa y la representante de la CIT Chiapas, Claudia Velasco.<\/p>\n","protected":false},"excerpt":{"rendered":"<p>Redacci\u00f3n\/Zona Roja. Oaxaca de Ju\u00e1rez, Oax., 19 de marzo de 2022.- Con la presencia del&hellip;<\/p>\n","protected":false},"author":2,"featured_media":38963,"comment_status":"closed","ping_status":"open","sticky":false,"template":"","format":"standard","meta":{"_lmt_disableupdate":"","_lmt_disable":"","_jetpack_memberships_contains_paid_content":false,"footnotes":""},"categories":[109,46],"tags":[3072,3071],"class_list":["post-38964","post","type-post","status-publish","format-standard","has-post-thumbnail","hentry","category-minuto-a-minuto","category-zona-blanca","tag-confederacion-internacional-de-trabajadores-cit","tag-napoleon-gomez-urrutia"],"jetpack_featured_media_url":"https:\/\/zonaroja.com.mx\/wp-content\/uploads\/2022\/03\/Reunion-CIT-Napoleon-Gomez-Urrutia.jpeg","jetpack_sharing_enabled":true,"_links":{"self":[{"href":"https:\/\/zonaroja.com.mx\/index.php?rest_route=\/wp\/v2\/posts\/38964","targetHints":{"allow":["GET"]}}],"collection":[{"href":"https:\/\/zonaroja.com.mx\/index.php?rest_route=\/wp\/v2\/posts"}],"about":[{"href":"https:\/\/zonaroja.com.mx\/index.php?rest_route=\/wp\/v2\/types\/post"}],"author":[{"embeddable":true,"href":"https:\/\/zonaroja.com.mx\/index.php?rest_route=\/wp\/v2\/users\/2"}],"replies":[{"embeddable":true,"href":"https:\/\/zonaroja.com.mx\/index.php?rest_route=%2Fwp%2Fv2%2Fcomments&post=38964"}],"version-history":[{"count":1,"href":"https:\/\/zonaroja.com.mx\/index.php?rest_route=\/wp\/v2\/posts\/38964\/revisions"}],"predecessor-version":[{"id":38965,"href":"https:\/\/zonaroja.com.mx\/index.php?rest_route=\/wp\/v2\/posts\/38964\/revisions\/38965"}],"wp:featuredmedia":[{"embeddable":true,"href":"https:\/\/zonaroja.com.mx\/index.php?rest_route=\/wp\/v2\/media\/38963"}],"wp:attachment":[{"href":"https:\/\/zonaroja.com.mx\/index.php?rest_route=%2Fwp%2Fv2%2Fmedia&parent=38964"}],"wp:term":[{"taxonomy":"category","embeddable":true,"href":"https:\/\/zonaroja.com.mx\/index.php?rest_route=%2Fwp%2Fv2%2Fcategories&post=38964"},{"taxonomy":"post_tag","embeddable":true,"href":"https:\/\/zonaroja.com.mx\/index.php?rest_route=%2Fwp%2Fv2%2Ftags&post=38964"}],"curies":[{"name":"wp","href":"https:\/\/api.w.org\/{rel}","templated":true}]}}