{"id":38966,"date":"2022-03-19T21:13:19","date_gmt":"2022-03-20T03:13:19","guid":{"rendered":"http:\/\/www.zonaroja.com.mx\/?p=38966"},"modified":"2022-03-19T21:13:20","modified_gmt":"2022-03-20T03:13:20","slug":"ejecutan-a-un-individuo-en-cuixtla-y-a-otro-en-jamiltepec-oaxaca","status":"publish","type":"post","link":"https:\/\/zonaroja.com.mx\/?p=38966","title":{"rendered":"Ejecutan a un individuo en Cuixtla y a otro en Jamiltepec, Oaxaca"},"content":{"rendered":"\n<p>Redacci\u00f3n\/Zona Roja.<\/p>\n\n\n\n<p>Oaxaca de Ju\u00e1rez, Oax., 19 de marzo de 2022.- En menos de 24 horas, dos personas fueron asesinadas a balazos en Oaxaca.<\/p>\n\n\n\n<p>El m\u00e1s reciente hecho ocurri\u00f3 la tarde de este s\u00e1bado en Santa Catarina Cuixtla, municipio de la regi\u00f3n Sierra Sur del estado, en que un individuo fue ultimado por disparos de arma de fuego y adem\u00e1s le cercenaron un brazo.<\/p>\n\n\n\n<p>El cuerpo fue localizado en la periferia de dicha localidad del distrito de Miahuatl\u00e1n, junto a un veh\u00edculo de motor; se encontraba adem\u00e1s vendado de los ojos; hasta esta noche la v\u00edctima a\u00fan no ha sido identificada.<\/p>\n\n\n\n<p>En tanto que anoche, cerca del hospital de Santiago Jamiltepec, una persona del sexo masculino fue asesinada a balazos, cuando transitaba a borde de su veh\u00edculo compacto, en la avenida Venustiano Carranza.<\/p>\n\n\n\n<p>La v\u00edctima fue identificada como Benjam\u00edn Cadena y su unidad de motor ten\u00eda las placas NCP-3305 del Estado de M\u00e9xico; fue identificado por su familiar Pedro Merino.<\/p>\n\n\n\n<p>En ambos casos no hay personas detenidas relacionadas con estos dos homicidios. La Fiscal\u00eda General del Estado abri\u00f3 la Carpeta de Investigaci\u00f3n correspondiente.<\/p>\n","protected":false},"excerpt":{"rendered":"<p>Redacci\u00f3n\/Zona Roja. Oaxaca de Ju\u00e1rez, Oax., 19 de marzo de 2022.- En menos de 24&hellip;<\/p>\n","protected":false},"author":2,"featured_media":38955,"comment_status":"closed","ping_status":"open","sticky":false,"template":"","format":"standard","meta":{"_lmt_disableupdate":"","_lmt_disable":"","_jetpack_memberships_contains_paid_content":false,"footnotes":""},"categories":[109,51],"tags":[3073],"class_list":["post-38966","post","type-post","status-publish","format-standard","has-post-thumbnail","hentry","category-minuto-a-minuto","category-zona-roja","tag-santa-catarina-cuixtla"],"jetpack_featured_media_url":"https:\/\/zonaroja.com.mx\/wp-content\/uploads\/2022\/03\/Asesinado-Cuixtla.jpg","jetpack_sharing_enabled":true,"_links":{"self":[{"href":"https:\/\/zonaroja.com.mx\/index.php?rest_route=\/wp\/v2\/posts\/38966","targetHints":{"allow":["GET"]}}],"collection":[{"href":"https:\/\/zonaroja.com.mx\/index.php?rest_route=\/wp\/v2\/posts"}],"about":[{"href":"https:\/\/zonaroja.com.mx\/index.php?rest_route=\/wp\/v2\/types\/post"}],"author":[{"embeddable":true,"href":"https:\/\/zonaroja.com.mx\/index.php?rest_route=\/wp\/v2\/users\/2"}],"replies":[{"embeddable":true,"href":"https:\/\/zonaroja.com.mx\/index.php?rest_route=%2Fwp%2Fv2%2Fcomments&post=38966"}],"version-history":[{"count":1,"href":"https:\/\/zonaroja.com.mx\/index.php?rest_route=\/wp\/v2\/posts\/38966\/revisions"}],"predecessor-version":[{"id":38967,"href":"https:\/\/zonaroja.com.mx\/index.php?rest_route=\/wp\/v2\/posts\/38966\/revisions\/38967"}],"wp:featuredmedia":[{"embeddable":true,"href":"https:\/\/zonaroja.com.mx\/index.php?rest_route=\/wp\/v2\/media\/38955"}],"wp:attachment":[{"href":"https:\/\/zonaroja.com.mx\/index.php?rest_route=%2Fwp%2Fv2%2Fmedia&parent=38966"}],"wp:term":[{"taxonomy":"category","embeddable":true,"href":"https:\/\/zonaroja.com.mx\/index.php?rest_route=%2Fwp%2Fv2%2Fcategories&post=38966"},{"taxonomy":"post_tag","embeddable":true,"href":"https:\/\/zonaroja.com.mx\/index.php?rest_route=%2Fwp%2Fv2%2Ftags&post=38966"}],"curies":[{"name":"wp","href":"https:\/\/api.w.org\/{rel}","templated":true}]}}