{"id":3897,"date":"2019-09-12T13:19:25","date_gmt":"2019-09-12T18:19:25","guid":{"rendered":"https:\/\/www.zonaroja.com.mx\/?p=3897"},"modified":"2019-09-12T13:30:03","modified_gmt":"2019-09-12T18:30:03","slug":"aprueba-congreso-mayor-presupuesto-para-uniformes-y-utiles-escolares","status":"publish","type":"post","link":"https:\/\/zonaroja.com.mx\/?p=3897","title":{"rendered":"Aprueba Congreso se asigne mayor presupuesto para uniformes y \u00fatiles escolares"},"content":{"rendered":"\n<p class=\"p1\">Evlin Arag\u00f3n\/ Zona Roja.<\/p>\n\n\n\n<p class=\"p1\">Oaxaca de Ju\u00e1rez, Oax., 12 de septiembre de 2019.- A iniciativa de la diputada local por Morena, Magaly L\u00f3pez Dominguez, este mi\u00e9rcoles el Congreso local aprob\u00f3 -en calidad de urgente y obvia resoluci\u00f3n- el Punto de Acuerdo por el cual se exhorta al titular del Poder Ejecutivo una mayor asignaci\u00f3n en el presupuesto destinado para los uniformes y \u00fatiles escolares en beneficio de ni\u00f1as y ni\u00f1os de educaci\u00f3n b\u00e1sica.<\/p>\n\n\n\n<p class=\"p1\">Lo anterior a fin de que sea considerado en el presupuesto de egresos para el ejercicio fiscal 2020 y se garantice el inter\u00e9s superior de ni\u00f1as, ni\u00f1os, adolescentes y j\u00f3venes en el acceso, permanencia y participaci\u00f3n en los servicios educativos, como lo establece la normatividad estatal.<\/p>\n\n\n\n<p class=\"p1\">De acuerdo con la legisladora es&nbsp;un hecho notorio que un vale por 405 pesos, que se otorga por cada ciclo escolar a cada ni\u00f1a y ni\u00f1o, es insuficiente para adquirir dos uniformes, tal como lo previene el art\u00edculo 101 de la Ley de Desarrollo Social, lo anterior afecta el derecho a la educaci\u00f3n de la poblaci\u00f3n infantil, particularmente en zonas de muy alta marginaci\u00f3n.<\/p>\n\n\n\n<p class=\"p1\">\u201cA lo largo y ancho del estado, las quejas de madres y padres de familia no se han hecho esperar, ya que se sienten agraviados con la insuficiencia de los montos previstos en los vales que entrega el gobierno del estado de Oaxaca para hacer v\u00e1lidos en la compra de uniformes y \u00fatiles escolares\u201d, asegur\u00f3 Magaly L\u00f3pez.<\/p>\n\n\n\n<p class=\"p2\">Reiter\u00f3 que de forma textual la ley refiere que&nbsp;al inicio de cada ciclo escolar, deber\u00e1 entregarse un paquete b\u00e1sico de \u00fatiles escolares en base a la lista oficial aprobada por la Secretar\u00eda de Educaci\u00f3n P\u00fablica y tambi\u00e9n las ni\u00f1as y ni\u00f1os tendr\u00e1n derecho a recibir dos uniformes por ciclo escolar de su talla y de buena calidad.<\/p>\n\n\n\n<p class=\"p1\">Por ello detall\u00f3 es pertinente y oportuno solicitar al titular del Poder Ejecutivo de Oaxaca, para que en el proyecto de presupuesto de egresos para el ejercicio fiscal 2020 contemple un incremento econ\u00f3mico acorde a los precios del consumidor actuales, a fin de coadyuvar de manera significativa a la econom\u00eda de las familias oaxaque\u00f1as y as\u00ed garantizar el debido cumplimiento a la ley.&nbsp;<\/p>\n\n\n\n<p class=\"p2\">Finalmente L\u00f3pez Dominguez explic\u00f3 que es la Secretar\u00eda de Desarrollo Social y Humano del Poder Ejecutivo del Gobierno del Estado de Oaxaca la instancia garante de este derecho en beneficio de ni\u00f1as, ni\u00f1os y j\u00f3venes inscritos en el&nbsp;&nbsp;nivel b\u00e1sico de educaci\u00f3n, que comprende preescolar, primaria y secundaria<\/p>\n\n\n\n<p class=\"p1\">\u201cNo hay que olvidar que la entrega de dichos recursos son medidas para reducir la deserci\u00f3n, incrementar el rendimiento escolar, apoyar a la econom\u00eda de las familias oaxaque\u00f1as y coadyuvar en el acceso, permanencia y conclusi\u00f3n de la Educaci\u00f3n B\u00e1sica\u201d, expuso la legisladora en su punto de acuerdo.<br \/>Enviado desde mi iPhone<\/p>\n\n\n\n<p><\/p>\n","protected":false},"excerpt":{"rendered":"<p>Evlin Arag\u00f3n\/ Zona Roja. Oaxaca de Ju\u00e1rez, Oax., 12 de septiembre de 2019.- A iniciativa&hellip;<\/p>\n","protected":false},"author":2,"featured_media":3896,"comment_status":"closed","ping_status":"open","sticky":false,"template":"","format":"standard","meta":{"_lmt_disableupdate":"","_lmt_disable":"","_jetpack_memberships_contains_paid_content":false,"footnotes":""},"categories":[1],"tags":[],"class_list":["post-3897","post","type-post","status-publish","format-standard","has-post-thumbnail","hentry","category-sin-categoria"],"jetpack_featured_media_url":"https:\/\/zonaroja.com.mx\/wp-content\/uploads\/2019\/09\/img_7231.jpg","jetpack_sharing_enabled":true,"_links":{"self":[{"href":"https:\/\/zonaroja.com.mx\/index.php?rest_route=\/wp\/v2\/posts\/3897","targetHints":{"allow":["GET"]}}],"collection":[{"href":"https:\/\/zonaroja.com.mx\/index.php?rest_route=\/wp\/v2\/posts"}],"about":[{"href":"https:\/\/zonaroja.com.mx\/index.php?rest_route=\/wp\/v2\/types\/post"}],"author":[{"embeddable":true,"href":"https:\/\/zonaroja.com.mx\/index.php?rest_route=\/wp\/v2\/users\/2"}],"replies":[{"embeddable":true,"href":"https:\/\/zonaroja.com.mx\/index.php?rest_route=%2Fwp%2Fv2%2Fcomments&post=3897"}],"version-history":[{"count":2,"href":"https:\/\/zonaroja.com.mx\/index.php?rest_route=\/wp\/v2\/posts\/3897\/revisions"}],"predecessor-version":[{"id":3899,"href":"https:\/\/zonaroja.com.mx\/index.php?rest_route=\/wp\/v2\/posts\/3897\/revisions\/3899"}],"wp:featuredmedia":[{"embeddable":true,"href":"https:\/\/zonaroja.com.mx\/index.php?rest_route=\/wp\/v2\/media\/3896"}],"wp:attachment":[{"href":"https:\/\/zonaroja.com.mx\/index.php?rest_route=%2Fwp%2Fv2%2Fmedia&parent=3897"}],"wp:term":[{"taxonomy":"category","embeddable":true,"href":"https:\/\/zonaroja.com.mx\/index.php?rest_route=%2Fwp%2Fv2%2Fcategories&post=3897"},{"taxonomy":"post_tag","embeddable":true,"href":"https:\/\/zonaroja.com.mx\/index.php?rest_route=%2Fwp%2Fv2%2Ftags&post=3897"}],"curies":[{"name":"wp","href":"https:\/\/api.w.org\/{rel}","templated":true}]}}