{"id":38974,"date":"2022-03-20T07:32:28","date_gmt":"2022-03-20T13:32:28","guid":{"rendered":"http:\/\/www.zonaroja.com.mx\/?p=38974"},"modified":"2022-03-20T08:08:36","modified_gmt":"2022-03-20T14:08:36","slug":"asesinan-a-ex-candidato-a-a-edil-de-jamiltepec-oaxaca","status":"publish","type":"post","link":"https:\/\/zonaroja.com.mx\/?p=38974","title":{"rendered":"Asesinan a ex candidato a a edil de Jamiltepec, Oaxaca"},"content":{"rendered":"\n<p>Redacci\u00f3n\/Zona Roja.<\/p>\n\n\n\n<p>Oaxaca de Ju\u00e1rez, Oax., 20 de marzo de 2022.- El ex candidato a la presidencia municipal de Santiago Jamiltepec, Oaxaca, Edilberto Pastrana, fue asesinado a balazos a la media noche de ayer.<\/p>\n\n\n\n<p>De acuerdo con informes preliminares, el pol\u00edtico del Partido del Trabajo arribaba a su domicilio, cuando fue atacado a balazos por sujetos desconocidos, quienes huyeron de inmediato del lugar.<\/p>\n\n\n\n<p>Hasta el momento la polic\u00eda municipal no reporta personas detenidas por este homicidio, mientras que la Fiscal\u00eda General del Estado de Oaxaca inici\u00f3 con las indagatorias correspondientes.<\/p>\n\n\n\n<p>Con este caso, suman tres personas asesinadas durante el s\u00e1bado, uno de ellos en Santa Catarina Cuixtla, Miahuatl\u00e1n, y otro en caso ocurri\u00f3 tambi\u00e9n en Santiago Jamiltepec, en que fue ultimado a balazos Benjam\u00edn Cadena.<\/p>\n","protected":false},"excerpt":{"rendered":"<p>Redacci\u00f3n\/Zona Roja. Oaxaca de Ju\u00e1rez, Oax., 20 de marzo de 2022.- El ex candidato a&hellip;<\/p>\n","protected":false},"author":2,"featured_media":7486,"comment_status":"closed","ping_status":"open","sticky":false,"template":"","format":"standard","meta":{"_lmt_disableupdate":"","_lmt_disable":"","_jetpack_memberships_contains_paid_content":false,"footnotes":""},"categories":[109,51],"tags":[797],"class_list":["post-38974","post","type-post","status-publish","format-standard","has-post-thumbnail","hentry","category-minuto-a-minuto","category-zona-roja","tag-santiago-jamiltepec"],"jetpack_featured_media_url":"https:\/\/zonaroja.com.mx\/wp-content\/uploads\/2020\/01\/Escena-del-crimen7.jpg","jetpack_sharing_enabled":true,"_links":{"self":[{"href":"https:\/\/zonaroja.com.mx\/index.php?rest_route=\/wp\/v2\/posts\/38974","targetHints":{"allow":["GET"]}}],"collection":[{"href":"https:\/\/zonaroja.com.mx\/index.php?rest_route=\/wp\/v2\/posts"}],"about":[{"href":"https:\/\/zonaroja.com.mx\/index.php?rest_route=\/wp\/v2\/types\/post"}],"author":[{"embeddable":true,"href":"https:\/\/zonaroja.com.mx\/index.php?rest_route=\/wp\/v2\/users\/2"}],"replies":[{"embeddable":true,"href":"https:\/\/zonaroja.com.mx\/index.php?rest_route=%2Fwp%2Fv2%2Fcomments&post=38974"}],"version-history":[{"count":2,"href":"https:\/\/zonaroja.com.mx\/index.php?rest_route=\/wp\/v2\/posts\/38974\/revisions"}],"predecessor-version":[{"id":38979,"href":"https:\/\/zonaroja.com.mx\/index.php?rest_route=\/wp\/v2\/posts\/38974\/revisions\/38979"}],"wp:featuredmedia":[{"embeddable":true,"href":"https:\/\/zonaroja.com.mx\/index.php?rest_route=\/wp\/v2\/media\/7486"}],"wp:attachment":[{"href":"https:\/\/zonaroja.com.mx\/index.php?rest_route=%2Fwp%2Fv2%2Fmedia&parent=38974"}],"wp:term":[{"taxonomy":"category","embeddable":true,"href":"https:\/\/zonaroja.com.mx\/index.php?rest_route=%2Fwp%2Fv2%2Fcategories&post=38974"},{"taxonomy":"post_tag","embeddable":true,"href":"https:\/\/zonaroja.com.mx\/index.php?rest_route=%2Fwp%2Fv2%2Ftags&post=38974"}],"curies":[{"name":"wp","href":"https:\/\/api.w.org\/{rel}","templated":true}]}}