{"id":38985,"date":"2022-03-20T14:24:03","date_gmt":"2022-03-20T20:24:03","guid":{"rendered":"http:\/\/www.zonaroja.com.mx\/?p=38985"},"modified":"2022-03-20T14:39:55","modified_gmt":"2022-03-20T20:39:55","slug":"incendian-de-nuevo-palacio-de-laollaga-e-impiden-labor-del-ine","status":"publish","type":"post","link":"https:\/\/zonaroja.com.mx\/?p=38985","title":{"rendered":"Incendian de nuevo palacio de Laollaga e impiden labor del INE"},"content":{"rendered":"\n<p>Ismael Garc\u00eda M.\/Zona Roja. Fotos: BBM Noticias<\/p>\n\n\n\n<p>Oaxaca de Ju\u00e1rez, Oax., 20 de marzo de 2022.- A una semana de las elecciones extraordinarias de concejales, personas desconocidas quemaron por segunda ocasi\u00f3n en este a\u00f1o, el palacio municipal.<\/p>\n\n\n\n<p>Asimismo, un grupo de pobladores impidi\u00f3 el ingreso de papeler\u00eda electoral y la realizaci\u00f3n de un simulacro, por parte de personal del Instituto Nacional Electoral (INE) y del Instituto Estatal Electoral y de Participaci\u00f3n Ciudadana de Oaxaca (IEEPCO).<\/p>\n\n\n\n<p>La sede del ayuntamiento fue incendiada en el transcurso de anoche y de la madrugada de este domingo y s\u00f3lo fueron da\u00f1os materiales; no obstante, hasta el momento se desconoce qui\u00e9n o qui\u00e9nes son los responsables de este atentado.<\/p>\n\n\n\n<p>Fue entre la noche del 25 y la madrugada del 26 de febrero de ese a\u00f1o en que sujetos desconocidos prendieron fuego al palacio municipal y pintaron consignas en contra del Partido Morena.<\/p>\n\n\n\n<p>Por otra parte, esta ma\u00f1ana personal del IEEPCO y del INE efectuar\u00edan un ejercicio previo a la elecci\u00f3n de concejales, que se realizar\u00e1 el pr\u00f3ximo domingo 27 de marzo.<\/p>\n\n\n\n<p>Sin embargo fueron impedidos por un grupo de pobladores, por lo que, pese al acompa\u00f1amiento de la Guardia Nacional y de la Polic\u00eda Estatal, optaron por retirarse del lugar.<\/p>\n\n\n\n<p>De manera reiterada, un grupo de inconformes ha generado actos de violencia en Laollaga, municipio de la regi\u00f3n del Istmo de Tehuantepec, con la finalidad de impedir la elecci\u00f3n de autoridades municipales.<\/p>\n\n\n\n<figure class=\"wp-block-image size-large\"><a href=\"http:\/\/www.zonaroja.com.mx\/wp-content\/uploads\/2022\/03\/Incendio-Laollaga-1.jpg\" data-rel=\"penci-gallery-image-content\" ><img decoding=\"async\" width=\"1024\" height=\"461\" src=\"http:\/\/www.zonaroja.com.mx\/wp-content\/uploads\/2022\/03\/Incendio-Laollaga-1-1024x461.jpg\" alt=\"\" class=\"wp-image-38983\" srcset=\"https:\/\/zonaroja.com.mx\/wp-content\/uploads\/2022\/03\/Incendio-Laollaga-1-1024x461.jpg 1024w, https:\/\/zonaroja.com.mx\/wp-content\/uploads\/2022\/03\/Incendio-Laollaga-1-300x135.jpg 300w, https:\/\/zonaroja.com.mx\/wp-content\/uploads\/2022\/03\/Incendio-Laollaga-1-768x346.jpg 768w, https:\/\/zonaroja.com.mx\/wp-content\/uploads\/2022\/03\/Incendio-Laollaga-1-1536x691.jpg 1536w, https:\/\/zonaroja.com.mx\/wp-content\/uploads\/2022\/03\/Incendio-Laollaga-1-1170x527.jpg 1170w, https:\/\/zonaroja.com.mx\/wp-content\/uploads\/2022\/03\/Incendio-Laollaga-1-585x263.jpg 585w, https:\/\/zonaroja.com.mx\/wp-content\/uploads\/2022\/03\/Incendio-Laollaga-1.jpg 1600w\" sizes=\"(max-width: 1024px) 100vw, 1024px\" \/><\/a><\/figure>\n","protected":false},"excerpt":{"rendered":"<p>Ismael Garc\u00eda M.\/Zona Roja. Fotos: BBM Noticias Oaxaca de Ju\u00e1rez, Oax., 20 de marzo de&hellip;<\/p>\n","protected":false},"author":2,"featured_media":38984,"comment_status":"closed","ping_status":"open","sticky":false,"template":"","format":"standard","meta":{"_lmt_disableupdate":"","_lmt_disable":"","_jetpack_memberships_contains_paid_content":false,"footnotes":""},"categories":[109,47],"tags":[1713],"class_list":["post-38985","post","type-post","status-publish","format-standard","has-post-thumbnail","hentry","category-minuto-a-minuto","category-zona-gris","tag-santiago-laollagaa"],"jetpack_featured_media_url":"https:\/\/zonaroja.com.mx\/wp-content\/uploads\/2022\/03\/Incendio-palacio-Santiago-Laollaga.jpg","jetpack_sharing_enabled":true,"_links":{"self":[{"href":"https:\/\/zonaroja.com.mx\/index.php?rest_route=\/wp\/v2\/posts\/38985","targetHints":{"allow":["GET"]}}],"collection":[{"href":"https:\/\/zonaroja.com.mx\/index.php?rest_route=\/wp\/v2\/posts"}],"about":[{"href":"https:\/\/zonaroja.com.mx\/index.php?rest_route=\/wp\/v2\/types\/post"}],"author":[{"embeddable":true,"href":"https:\/\/zonaroja.com.mx\/index.php?rest_route=\/wp\/v2\/users\/2"}],"replies":[{"embeddable":true,"href":"https:\/\/zonaroja.com.mx\/index.php?rest_route=%2Fwp%2Fv2%2Fcomments&post=38985"}],"version-history":[{"count":2,"href":"https:\/\/zonaroja.com.mx\/index.php?rest_route=\/wp\/v2\/posts\/38985\/revisions"}],"predecessor-version":[{"id":38987,"href":"https:\/\/zonaroja.com.mx\/index.php?rest_route=\/wp\/v2\/posts\/38985\/revisions\/38987"}],"wp:featuredmedia":[{"embeddable":true,"href":"https:\/\/zonaroja.com.mx\/index.php?rest_route=\/wp\/v2\/media\/38984"}],"wp:attachment":[{"href":"https:\/\/zonaroja.com.mx\/index.php?rest_route=%2Fwp%2Fv2%2Fmedia&parent=38985"}],"wp:term":[{"taxonomy":"category","embeddable":true,"href":"https:\/\/zonaroja.com.mx\/index.php?rest_route=%2Fwp%2Fv2%2Fcategories&post=38985"},{"taxonomy":"post_tag","embeddable":true,"href":"https:\/\/zonaroja.com.mx\/index.php?rest_route=%2Fwp%2Fv2%2Ftags&post=38985"}],"curies":[{"name":"wp","href":"https:\/\/api.w.org\/{rel}","templated":true}]}}