{"id":38988,"date":"2022-03-20T14:47:00","date_gmt":"2022-03-20T20:47:00","guid":{"rendered":"http:\/\/www.zonaroja.com.mx\/?p=38988"},"modified":"2022-03-20T15:09:01","modified_gmt":"2022-03-20T21:09:01","slug":"aun-sin-identificar-ejecutado-este-domingo-en-etla-oaxaca","status":"publish","type":"post","link":"https:\/\/zonaroja.com.mx\/?p=38988","title":{"rendered":"Identifican a ejecutado este domingo en Etla, Oaxaca"},"content":{"rendered":"\n<p>Redacci\u00f3n\/Zona Roja.<\/p>\n\n\n\n<p>Oaxaca de Ju\u00e1rez, Oax., 20 de marzo de 2022.- Sujetos desconocidos ejecutaron a un individuo identificado como Pedro N., de 23 a\u00f1os de edad, en la carretera de acceso principal a la Villa de Etla, municipio de la regi\u00f3n Valles Centrales de Oaxaca.<\/p>\n\n\n\n<p>Fue alrededor de las 9:30 horas en que personas armadas dispararon en contra de un motociclista, en la calle Morelos, frente a un inmueble tipo castillo medieval.<\/p>\n\n\n\n<p>A falta de polic\u00edas municipales, los agresores lograron escapar, a pesar de que la zona est\u00e1 a unas cuadras del palacio municipal y del mercado.<\/p>\n\n\n\n<p>La v\u00edctima fue identificada por sus familiares, quienes dijeron que fue originaria de San Andr\u00e9s Zautla; personal de la Fiscal\u00eda General del Estado de Oaxaca arrib\u00f3 para iniciar las primeras indagatorias.<\/p>\n\n\n\n<figure class=\"wp-block-embed is-type-rich is-provider-twitter wp-block-embed-twitter\"><div class=\"wp-block-embed__wrapper\">\n<div class=\"twitter-tweet\"><blockquote class=\"twitter-tweet\" data-lang=\"es\"><p lang=\"es\" dir=\"ltr\"><a href=\"https:\/\/twitter.com\/hashtag\/%C3%9AltimoMinuto?src=hash&amp;ref_src=twsrc%5Etfw\">#\u00daltimoMinuto<\/a> <br>Reportan la ejecuci\u00f3n a balazos de una persona del sexo masculino, en el acceso principal a la Villa de <a href=\"https:\/\/twitter.com\/hashtag\/Etla?src=hash&amp;ref_src=twsrc%5Etfw\">#Etla<\/a>, <a href=\"https:\/\/twitter.com\/hashtag\/Oaxaca?src=hash&amp;ref_src=twsrc%5Etfw\">#Oaxaca<\/a>. <a href=\"https:\/\/t.co\/ndJJy16sX4\">pic.twitter.com\/ndJJy16sX4<\/a><\/p>&mdash; Zona Roja Oaxaca (@ZonaRoja_Oaxaca) <a href=\"https:\/\/twitter.com\/ZonaRoja_Oaxaca\/status\/1505574196767866880?ref_src=twsrc%5Etfw\">20 de marzo de 2022<\/a><\/blockquote><\/div>\n<\/div><\/figure>\n","protected":false},"excerpt":{"rendered":"<p>Redacci\u00f3n\/Zona Roja. Oaxaca de Ju\u00e1rez, Oax., 20 de marzo de 2022.- Sujetos desconocidos ejecutaron a&hellip;<\/p>\n","protected":false},"author":2,"featured_media":38990,"comment_status":"closed","ping_status":"open","sticky":false,"template":"","format":"standard","meta":{"_lmt_disableupdate":"","_lmt_disable":"","_jetpack_memberships_contains_paid_content":false,"footnotes":""},"categories":[109,51],"tags":[882],"class_list":["post-38988","post","type-post","status-publish","format-standard","has-post-thumbnail","hentry","category-minuto-a-minuto","category-zona-roja","tag-villa-de-etla"],"jetpack_featured_media_url":"https:\/\/zonaroja.com.mx\/wp-content\/uploads\/2022\/03\/Ejecutado-Villa-de-Etla.jpg","jetpack_sharing_enabled":true,"_links":{"self":[{"href":"https:\/\/zonaroja.com.mx\/index.php?rest_route=\/wp\/v2\/posts\/38988","targetHints":{"allow":["GET"]}}],"collection":[{"href":"https:\/\/zonaroja.com.mx\/index.php?rest_route=\/wp\/v2\/posts"}],"about":[{"href":"https:\/\/zonaroja.com.mx\/index.php?rest_route=\/wp\/v2\/types\/post"}],"author":[{"embeddable":true,"href":"https:\/\/zonaroja.com.mx\/index.php?rest_route=\/wp\/v2\/users\/2"}],"replies":[{"embeddable":true,"href":"https:\/\/zonaroja.com.mx\/index.php?rest_route=%2Fwp%2Fv2%2Fcomments&post=38988"}],"version-history":[{"count":2,"href":"https:\/\/zonaroja.com.mx\/index.php?rest_route=\/wp\/v2\/posts\/38988\/revisions"}],"predecessor-version":[{"id":38994,"href":"https:\/\/zonaroja.com.mx\/index.php?rest_route=\/wp\/v2\/posts\/38988\/revisions\/38994"}],"wp:featuredmedia":[{"embeddable":true,"href":"https:\/\/zonaroja.com.mx\/index.php?rest_route=\/wp\/v2\/media\/38990"}],"wp:attachment":[{"href":"https:\/\/zonaroja.com.mx\/index.php?rest_route=%2Fwp%2Fv2%2Fmedia&parent=38988"}],"wp:term":[{"taxonomy":"category","embeddable":true,"href":"https:\/\/zonaroja.com.mx\/index.php?rest_route=%2Fwp%2Fv2%2Fcategories&post=38988"},{"taxonomy":"post_tag","embeddable":true,"href":"https:\/\/zonaroja.com.mx\/index.php?rest_route=%2Fwp%2Fv2%2Ftags&post=38988"}],"curies":[{"name":"wp","href":"https:\/\/api.w.org\/{rel}","templated":true}]}}