{"id":38992,"date":"2022-03-20T14:56:55","date_gmt":"2022-03-20T20:56:55","guid":{"rendered":"http:\/\/www.zonaroja.com.mx\/?p=38992"},"modified":"2022-03-20T14:56:57","modified_gmt":"2022-03-20T20:56:57","slug":"triquis-de-tierra-blanca-copala-rompen-tregua-y-denuncian-ataques-armados","status":"publish","type":"post","link":"https:\/\/zonaroja.com.mx\/?p=38992","title":{"rendered":"Triquis de Tierra Blanca Copala rompen tregua y denuncian ataques armados"},"content":{"rendered":"\n<p>Ismael Garc\u00eda M.\/Zona Roja.<\/p>\n\n\n\n<p>Oaxaca de Ju\u00e1rez, Oax., 20 de marzo de 2022.- La autodenominaba Asamblea General Comunitaria de Tierra Blanca Copala, Juxtlahuaca, Oaxaca, afiliada al MULT, rompi\u00f3 el di\u00e1logo este domingo con las autoridades.<\/p>\n\n\n\n<p>En una carta p\u00fablica dirigida a los gobiernos federal, estatal y municipal de Santiago Juxtlahuaca, justific\u00f3 que ello se debe a los \u201cconstantes ataques armados en contra de la comunidad, encabezados por Macario Merino Garc\u00eda\u201d (del MULTI).<\/p>\n\n\n\n<p>\u201cHemos decidido hacer una pausa en el di\u00e1logo con las personas autodesplazadas. No hay condiciones favorables para vivir en paz. Se\u00f1alamos al se\u00f1or Horacio Garc\u00eda Santiago, de doble cara, ya que va a la ciudad de M\u00e9xico y dice que quiere paz y aqu\u00ed se pone de acuerdo con Macario Garc\u00eda Merino para agredir a balazos a nuestro pueblo\u201d, expuso.<\/p>\n\n\n\n<p>Por ello, la Asamblea exigi\u00f3 tambi\u00e9n al gobierno federal la intervenci\u00f3n de la Unidad de Inteligencia Financiera y la Fiscal\u00eda General de la Rep\u00fablica \u201cpara que investigue a pol\u00edticos mentirosos que quieren sacarle raja pol\u00edtica a nuestra situaci\u00f3n comunitaria para llegar a gobernar y pagan a pistoleros para el asesinato de nuestros compa\u00f1eros\u201d.<\/p>\n\n\n\n<p>Solicit\u00f3 al presidente municipal de Santiago Juxtlahuaca, Oaxaca, Arsenio Mej\u00eda, que detenga toda actividad relacionada con el regreso de las personas autodesplazadas.&nbsp;<\/p>\n\n\n\n<p>\u201cMacario y Horacio ya c\u00e1lmense parece que no tienen llenadera. Todos somos iguales triquis, ya dejen que vivamos en paz\u201d, remarc\u00f3 en su comunicado, los afiliados al Movimiento de Unificaci\u00f3n y Lucha Triqui (MULT).<\/p>\n","protected":false},"excerpt":{"rendered":"<p>Ismael Garc\u00eda M.\/Zona Roja. Oaxaca de Ju\u00e1rez, Oax., 20 de marzo de 2022.- La autodenominaba&hellip;<\/p>\n","protected":false},"author":2,"featured_media":30297,"comment_status":"closed","ping_status":"open","sticky":false,"template":"","format":"standard","meta":{"_lmt_disableupdate":"","_lmt_disable":"","_jetpack_memberships_contains_paid_content":false,"footnotes":""},"categories":[109,47],"tags":[1712],"class_list":["post-38992","post","type-post","status-publish","format-standard","has-post-thumbnail","hentry","category-minuto-a-minuto","category-zona-gris","tag-tierra-blanca-copala"],"jetpack_featured_media_url":"https:\/\/zonaroja.com.mx\/wp-content\/uploads\/2021\/07\/Tierra-Blanca-Copala.jpg","jetpack_sharing_enabled":true,"_links":{"self":[{"href":"https:\/\/zonaroja.com.mx\/index.php?rest_route=\/wp\/v2\/posts\/38992","targetHints":{"allow":["GET"]}}],"collection":[{"href":"https:\/\/zonaroja.com.mx\/index.php?rest_route=\/wp\/v2\/posts"}],"about":[{"href":"https:\/\/zonaroja.com.mx\/index.php?rest_route=\/wp\/v2\/types\/post"}],"author":[{"embeddable":true,"href":"https:\/\/zonaroja.com.mx\/index.php?rest_route=\/wp\/v2\/users\/2"}],"replies":[{"embeddable":true,"href":"https:\/\/zonaroja.com.mx\/index.php?rest_route=%2Fwp%2Fv2%2Fcomments&post=38992"}],"version-history":[{"count":1,"href":"https:\/\/zonaroja.com.mx\/index.php?rest_route=\/wp\/v2\/posts\/38992\/revisions"}],"predecessor-version":[{"id":38993,"href":"https:\/\/zonaroja.com.mx\/index.php?rest_route=\/wp\/v2\/posts\/38992\/revisions\/38993"}],"wp:featuredmedia":[{"embeddable":true,"href":"https:\/\/zonaroja.com.mx\/index.php?rest_route=\/wp\/v2\/media\/30297"}],"wp:attachment":[{"href":"https:\/\/zonaroja.com.mx\/index.php?rest_route=%2Fwp%2Fv2%2Fmedia&parent=38992"}],"wp:term":[{"taxonomy":"category","embeddable":true,"href":"https:\/\/zonaroja.com.mx\/index.php?rest_route=%2Fwp%2Fv2%2Fcategories&post=38992"},{"taxonomy":"post_tag","embeddable":true,"href":"https:\/\/zonaroja.com.mx\/index.php?rest_route=%2Fwp%2Fv2%2Ftags&post=38992"}],"curies":[{"name":"wp","href":"https:\/\/api.w.org\/{rel}","templated":true}]}}