{"id":38998,"date":"2022-03-20T20:18:36","date_gmt":"2022-03-21T02:18:36","guid":{"rendered":"http:\/\/www.zonaroja.com.mx\/?p=38998"},"modified":"2022-03-20T20:18:38","modified_gmt":"2022-03-21T02:18:38","slug":"registra-covid-baja-considerable-407-contagios-y-24-decesos-en-ultima-semana","status":"publish","type":"post","link":"https:\/\/zonaroja.com.mx\/?p=38998","title":{"rendered":"Registra Covid baja considerable: 407 contagios y 24 decesos en \u00faltima semana"},"content":{"rendered":"\n<p>Redacci\u00f3n\/Zona Roja.<\/p>\n\n\n\n<p>Oaxaca de Ju\u00e1rez, Oax., 20 de marzo de 2022.- El territorio oaxaque\u00f1o notific\u00f3 del 13 al 19 de marzo un acumulado de 11 mil 953 casos confirmados de Covid-19, observando una disminuci\u00f3n considerable, pasando de mil 012 positivos a 407 registros esta semana, informaron los Servicios de Salud de Oaxaca (SSO).<\/p>\n\n\n\n<p>As\u00ed tambi\u00e9n, el promedio de ocupaci\u00f3n hospitalaria para la atenci\u00f3n a pacientes con complicaciones derivadas de esta enfermedad fue de 14.7%, 4.5 puntos porcentuales menos respecto a la semana anterior.&nbsp;<\/p>\n\n\n\n<p>Por lo que, con base al \u00abLineamiento para la estimaci\u00f3n de riesgos del sem\u00e1foro por regiones Covid-19\u00bb emitido por el gobierno federal, Oaxaca permanecer\u00e1 en color verde del lunes 21 de marzo hasta el domingo 3 de abril.<\/p>\n\n\n\n<p>Sin embargo, aunque el riesgo de contagio es bajo, se deben continuar aplicando en todo momento las medidas sanitarias a\u00fan vigentes desde el inicio de la pandemia, como son: el uso del cubrebocas, el cual es obligatorio para toda la poblaci\u00f3n, incluso la ya vacunada, el lavado de manos con agua y jab\u00f3n, ventilar los espacios, as\u00ed como evitar las aglomeraciones.<\/p>\n\n\n\n<p>Ya que, seg\u00fan el informe de este domingo, esta semana se notificaron 24 desafortunados decesos a causa de esta patolog\u00eda respiratoria.<\/p>\n\n\n\n<p>De ah\u00ed que la instituci\u00f3n se\u00f1al\u00f3 que el color verde, no significa bajar la guardia, al contrario, para mantener la reducci\u00f3n sostenida de contagios y hospitalizaciones, se deben reforzar los protocolos y cuidados sanitarios.<\/p>\n\n\n\n<p>Esta dependencia exhort\u00f3 a las personas que no han recibido la vacuna o el refuerzo, a que acudan a aplic\u00e1rsela en los puntos de vacunaci\u00f3n activos, para no quedar indefensos y sumarse a la protecci\u00f3n de su salud, la de su familia y dem\u00e1s personas.<\/p>\n\n\n\n<p>(Comunicado)<\/p>\n","protected":false},"excerpt":{"rendered":"<p>Redacci\u00f3n\/Zona Roja. Oaxaca de Ju\u00e1rez, Oax., 20 de marzo de 2022.- El territorio oaxaque\u00f1o notific\u00f3&hellip;<\/p>\n","protected":false},"author":2,"featured_media":38981,"comment_status":"closed","ping_status":"open","sticky":false,"template":"","format":"standard","meta":{"_lmt_disableupdate":"","_lmt_disable":"","_jetpack_memberships_contains_paid_content":false,"footnotes":""},"categories":[109,47],"tags":[1512],"class_list":["post-38998","post","type-post","status-publish","format-standard","has-post-thumbnail","hentry","category-minuto-a-minuto","category-zona-gris","tag-coronavirus-oaxaca"],"jetpack_featured_media_url":"https:\/\/zonaroja.com.mx\/wp-content\/uploads\/2022\/03\/Gente-Covid-coronavirus-Oaxaca.jpg","jetpack_sharing_enabled":true,"_links":{"self":[{"href":"https:\/\/zonaroja.com.mx\/index.php?rest_route=\/wp\/v2\/posts\/38998","targetHints":{"allow":["GET"]}}],"collection":[{"href":"https:\/\/zonaroja.com.mx\/index.php?rest_route=\/wp\/v2\/posts"}],"about":[{"href":"https:\/\/zonaroja.com.mx\/index.php?rest_route=\/wp\/v2\/types\/post"}],"author":[{"embeddable":true,"href":"https:\/\/zonaroja.com.mx\/index.php?rest_route=\/wp\/v2\/users\/2"}],"replies":[{"embeddable":true,"href":"https:\/\/zonaroja.com.mx\/index.php?rest_route=%2Fwp%2Fv2%2Fcomments&post=38998"}],"version-history":[{"count":1,"href":"https:\/\/zonaroja.com.mx\/index.php?rest_route=\/wp\/v2\/posts\/38998\/revisions"}],"predecessor-version":[{"id":38999,"href":"https:\/\/zonaroja.com.mx\/index.php?rest_route=\/wp\/v2\/posts\/38998\/revisions\/38999"}],"wp:featuredmedia":[{"embeddable":true,"href":"https:\/\/zonaroja.com.mx\/index.php?rest_route=\/wp\/v2\/media\/38981"}],"wp:attachment":[{"href":"https:\/\/zonaroja.com.mx\/index.php?rest_route=%2Fwp%2Fv2%2Fmedia&parent=38998"}],"wp:term":[{"taxonomy":"category","embeddable":true,"href":"https:\/\/zonaroja.com.mx\/index.php?rest_route=%2Fwp%2Fv2%2Fcategories&post=38998"},{"taxonomy":"post_tag","embeddable":true,"href":"https:\/\/zonaroja.com.mx\/index.php?rest_route=%2Fwp%2Fv2%2Ftags&post=38998"}],"curies":[{"name":"wp","href":"https:\/\/api.w.org\/{rel}","templated":true}]}}