{"id":3900,"date":"2019-09-12T15:48:00","date_gmt":"2019-09-12T20:48:00","guid":{"rendered":"http:\/\/www.zonaroja.com.mx\/?p=3900"},"modified":"2019-09-12T15:48:03","modified_gmt":"2019-09-12T20:48:03","slug":"desde-la-unam-jovenes-oaxaquenos-exigen-agua-para-ayutla-ya","status":"publish","type":"post","link":"https:\/\/zonaroja.com.mx\/?p=3900","title":{"rendered":"Desde la UNAM j\u00f3venes oaxaque\u00f1os exigen \u00a1Agua para Ayutla ya!"},"content":{"rendered":"\n<p>Evlin Arag\u00f3n\/Zona Roja.<\/p>\n\n\n\n<p>Foto: Cortes\u00eda<\/p>\n\n\n\n<p>Oaxaca de\nJu\u00e1rez, Oax., 12 de septiembre de 2019.- Estudiantes del Programa Universitario\nde Estudios de la Diversidad Cultural y la Interculturalidad de la Universidad\nNacional Aut\u00f3noma de M\u00e9xico (UNAM) se unieron a la exigencia de agua para\nAyutla y justicia para quienes habitan en el municipio, que desde hace m\u00e1s de\ndos a\u00f1os se encuentra sin acceso al vital l\u00edquido <\/p>\n\n\n\n<p>Por medio de\nun video con una duraci\u00f3n de un minuto y 36 segundos difundido en las redes\nsociales, tres estudiantes, con pancarta en manos, se pronunciaron a favor de\nlas mujeres de la comunidad de San Pedro y San Pablo Ayutla Mixe, quienes son\nlas m\u00e1s afectadas no s\u00f3lo en cuanto a la falta de agua, sino que muchas veces\nson vistas como moneda de cambio en los conflictos agrarios.<\/p>\n\n\n\n<p>De acuerdo\ncon las j\u00f3venes, buscan visibilizar la situaci\u00f3n a la que se enfrentan las\nmujeres ind\u00edgenas en los conflictos agrarios, toda vez que hace m\u00e1s de dos\na\u00f1os, cuatro mujeres de su&nbsp; comunidad San\nPedro y San Pablo Ayutla fueron retenidas, secuestradas, abusadas y violentadas\npor un grupo y hasta el d\u00eda de hoy no se ha hecho justicia. <\/p>\n\n\n\n<figure class=\"wp-block-embed-twitter wp-block-embed is-type-rich is-provider-twitter\"><div class=\"wp-block-embed__wrapper\">\n<div class=\"twitter-tweet\"><blockquote class=\"twitter-tweet\" data-lang=\"es\"><p lang=\"es\" dir=\"ltr\">&quot; \u00a1<a href=\"https:\/\/twitter.com\/hashtag\/AguaParaAyutla?src=hash&amp;ref_src=twsrc%5Etfw\">#AguaParaAyutla<\/a>!&quot;: alumnos de la UNAM, que tambi\u00e9n forman parte de la comunidad de Ayutla Mixe.<a href=\"https:\/\/twitter.com\/yasnayae?ref_src=twsrc%5Etfw\">@yasnayae<\/a> <a href=\"https:\/\/t.co\/S2OeDLFqWm\">pic.twitter.com\/S2OeDLFqWm<\/a><\/p>&mdash; PUIC UNAM (@puic_unam) <a href=\"https:\/\/twitter.com\/puic_unam\/status\/1169993247600472070?ref_src=twsrc%5Etfw\">6 de septiembre de 2019<\/a><\/blockquote><\/div>\n<\/div><\/figure>\n\n\n\n<p>\u201cLo que\nqueremos es exigir que se nos deje de utilizar a las mujeres, que se nos deje\nde ver como objetos, como monedas de cambio en este tipo de conflictos, es\nimportante hacer visible la lucha de las mujeres que no tienen que ser\ncastigadas de esa forma\u201d, dijo una de ellas. <\/p>\n\n\n\n<p>Otra de\nellas record\u00f3 que hace m\u00e1s de dos a\u00f1os los tanques que surten de agua potable a\nla localidad fueron dinamitados por habitantes de Tamazul\u00e1pam del Esp\u00edritu\nSanto, situaci\u00f3n que ocasion\u00f3 el desabastecimiento de agua potable de su pueblo\ny las graves consecuencias que hoy padece la poblaci\u00f3n de Ayutla.<\/p>\n\n\n\n<p>\u201cNuestras\nmadres y nuestras abuelas que juegan un papel muy importante en la comunidad,\nsufren para llevar el alimento, la comida a la familia lo cual tambi\u00e9n influye\nen un problema de salud p\u00fablica\u201d, dijo la joven estudiante de la UNAM.<\/p>\n\n\n\n<p>Por lo anterior, se unieron al grito de \u00a1Agua para Ayutla ya!, que desde hace meses realizan habitantes de la poblaci\u00f3n y que incluso ocasion\u00f3 la retenci\u00f3n del Presidente de la Rep\u00fablica, Andr\u00e9s Manuel L\u00f3pez Obrador, en su gira por la entidad oaxaque\u00f1a, el pasado 17 de agosto, donde comprometi\u00f3 al gobernador Alejandro Murat Hinojosa a resolver la situaci\u00f3n, lo cual no ha ocurrido hasta la fecha.<\/p>\n\n\n\n<figure class=\"wp-block-image\"><img decoding=\"async\" width=\"1024\" height=\"770\" src=\"http:\/\/www.zonaroja.com.mx\/wp-content\/uploads\/2019\/09\/IMG_7302-1024x770.jpg\" alt=\"\" class=\"wp-image-3902\" srcset=\"https:\/\/zonaroja.com.mx\/wp-content\/uploads\/2019\/09\/IMG_7302-1024x770.jpg 1024w, https:\/\/zonaroja.com.mx\/wp-content\/uploads\/2019\/09\/IMG_7302-300x226.jpg 300w, https:\/\/zonaroja.com.mx\/wp-content\/uploads\/2019\/09\/IMG_7302-768x578.jpg 768w, https:\/\/zonaroja.com.mx\/wp-content\/uploads\/2019\/09\/IMG_7302-585x440.jpg 585w, https:\/\/zonaroja.com.mx\/wp-content\/uploads\/2019\/09\/IMG_7302.jpg 1125w\" sizes=\"(max-width: 1024px) 100vw, 1024px\" \/><\/figure>\n","protected":false},"excerpt":{"rendered":"<p>Evlin Arag\u00f3n\/Zona Roja. Foto: Cortes\u00eda Oaxaca de Ju\u00e1rez, Oax., 12 de septiembre de 2019.- Estudiantes&hellip;<\/p>\n","protected":false},"author":2,"featured_media":3901,"comment_status":"closed","ping_status":"open","sticky":false,"template":"","format":"standard","meta":{"_lmt_disableupdate":"","_lmt_disable":"","_jetpack_memberships_contains_paid_content":false,"footnotes":""},"categories":[109,47],"tags":[501],"class_list":["post-3900","post","type-post","status-publish","format-standard","has-post-thumbnail","hentry","category-minuto-a-minuto","category-zona-gris","tag-san-pedro-y-san-pablo-ayutla-mixe"],"jetpack_featured_media_url":"https:\/\/zonaroja.com.mx\/wp-content\/uploads\/2019\/09\/IMG_7303.jpg","jetpack_sharing_enabled":true,"_links":{"self":[{"href":"https:\/\/zonaroja.com.mx\/index.php?rest_route=\/wp\/v2\/posts\/3900","targetHints":{"allow":["GET"]}}],"collection":[{"href":"https:\/\/zonaroja.com.mx\/index.php?rest_route=\/wp\/v2\/posts"}],"about":[{"href":"https:\/\/zonaroja.com.mx\/index.php?rest_route=\/wp\/v2\/types\/post"}],"author":[{"embeddable":true,"href":"https:\/\/zonaroja.com.mx\/index.php?rest_route=\/wp\/v2\/users\/2"}],"replies":[{"embeddable":true,"href":"https:\/\/zonaroja.com.mx\/index.php?rest_route=%2Fwp%2Fv2%2Fcomments&post=3900"}],"version-history":[{"count":1,"href":"https:\/\/zonaroja.com.mx\/index.php?rest_route=\/wp\/v2\/posts\/3900\/revisions"}],"predecessor-version":[{"id":3903,"href":"https:\/\/zonaroja.com.mx\/index.php?rest_route=\/wp\/v2\/posts\/3900\/revisions\/3903"}],"wp:featuredmedia":[{"embeddable":true,"href":"https:\/\/zonaroja.com.mx\/index.php?rest_route=\/wp\/v2\/media\/3901"}],"wp:attachment":[{"href":"https:\/\/zonaroja.com.mx\/index.php?rest_route=%2Fwp%2Fv2%2Fmedia&parent=3900"}],"wp:term":[{"taxonomy":"category","embeddable":true,"href":"https:\/\/zonaroja.com.mx\/index.php?rest_route=%2Fwp%2Fv2%2Fcategories&post=3900"},{"taxonomy":"post_tag","embeddable":true,"href":"https:\/\/zonaroja.com.mx\/index.php?rest_route=%2Fwp%2Fv2%2Ftags&post=3900"}],"curies":[{"name":"wp","href":"https:\/\/api.w.org\/{rel}","templated":true}]}}