{"id":39000,"date":"2022-03-20T20:36:57","date_gmt":"2022-03-21T02:36:57","guid":{"rendered":"http:\/\/www.zonaroja.com.mx\/?p=39000"},"modified":"2022-03-20T20:36:58","modified_gmt":"2022-03-21T02:36:58","slug":"nos-van-a-seguir-haciendo-lo-que-el-viento-a-juarez-amlo-a-conservadores","status":"publish","type":"post","link":"https:\/\/zonaroja.com.mx\/?p=39000","title":{"rendered":"\u201cNos van a seguir haciendo lo que el viento a Ju\u00e1rez\u201d: AMLO a conservadores"},"content":{"rendered":"\n<p>Redacci\u00f3n\/Zona Roja Cdmx.<\/p>\n\n\n\n<p>Ciudad de M\u00e9xico, 20 de marzo de 2022.- El Presidente Andr\u00e9s Manuel L\u00f3pez Obrador (AMLO), volvi\u00f3 a expresarse seguro de que su gobierno es inmune a los comentarios y acciones de \u201clos conservadores\u201d, al evocar el famoso refr\u00e1n de \u201cMe hace lo que el viento a Ju\u00e1rez\u201d.<\/p>\n\n\n\n<p>En el marco del natalicio del Benito Ju\u00e1rez, el mandatario acudi\u00f3 a Guelatao, Oaxaca, para ofrecer una conferencia de prensa, en la cual, de manera expr\u00e9s, explic\u00f3 el origen del dicho que reiteradamente emplea en sus mensajes hacia el bloque opositor de su gobierno. De ah\u00ed que mencion\u00f3:<\/p>\n\n\n\n<p>\u201cPor eso se dice que los conservadores hicieron al pa\u00eds lo que el viento a Ju\u00e1rez (&#8230;) Nos van a seguir haciendo lo que el viento a Ju\u00e1rez, los conservadores\u201d.<\/p>\n\n\n\n<p>Adem\u00e1s de ello, Andr\u00e9s Manuel se comprometi\u00f3 a efectuar obras de restauraci\u00f3n de caminos, as\u00ed como reforzamiento de los programas de Bienestar, a pesar de la veda electoral implementada desde el pasado 10 de febrero y la cual proh\u00edbe la realizaci\u00f3n de propaganda gubernamental por cualquier \u00f3rgano ajeno al Instituto Nacional Electoral (INE).<\/p>\n\n\n\n<figure class=\"wp-block-embed is-type-rich is-provider-twitter wp-block-embed-twitter\"><div class=\"wp-block-embed__wrapper\">\n<div class=\"twitter-tweet\"><blockquote class=\"twitter-tweet\" data-lang=\"es\"><p lang=\"es\" dir=\"ltr\"><a href=\"https:\/\/twitter.com\/hashtag\/%C3%9AltimoMinuto?src=hash&amp;ref_src=twsrc%5Etfw\">#\u00daltimoMinuto<\/a> <br>En su mensaje en el acto que presidi\u00f3 el mandatario <a href=\"https:\/\/twitter.com\/lopezobrador_?ref_src=twsrc%5Etfw\">@lopezobrador_<\/a> en <a href=\"https:\/\/twitter.com\/hashtag\/Guelatao?src=hash&amp;ref_src=twsrc%5Etfw\">#Guelatao<\/a>, el gobernador <a href=\"https:\/\/twitter.com\/alejandromurat?ref_src=twsrc%5Etfw\">@alejandromurat<\/a> afirm\u00f3 que la derecha embiste de nuevo a M\u00e9xico, pero asegur\u00f3 que los conservadores no pasar\u00e1n; anunci\u00f3 una gira por el pa\u00eds. <a href=\"https:\/\/t.co\/grprlxQ1PO\">pic.twitter.com\/grprlxQ1PO<\/a><\/p>&mdash; Zona Roja Oaxaca (@ZonaRoja_Oaxaca) <a href=\"https:\/\/twitter.com\/ZonaRoja_Oaxaca\/status\/1505606145448321024?ref_src=twsrc%5Etfw\">20 de marzo de 2022<\/a><\/blockquote><\/div>\n<\/div><\/figure>\n\n\n\n<p>Cabe recordar que, luego de su visita, el Presidente se dirige a Santa Luc\u00eda, Estado de M\u00e9xico, en donde pernoctar\u00e1 para la inauguraci\u00f3n del Aeropuerto Internacional Felipe \u00c1ngeles (AIFA), el pr\u00f3ximo 21 de marzo.<\/p>\n\n\n\n<p>De ah\u00ed que pernoctar\u00e1 del domingo al lunes en el hotel construido en las inmediaciones del megaproyecto, de tal manera que su conferencia ma\u00f1anera se lleve a cabo en dichas instalaciones. Posteriormente, se dar\u00e1 paso a la ceremonia de inauguraci\u00f3n liderada por la Secretar\u00eda de la Defensa Nacional (Sedena).<\/p>\n\n\n\n<p>No obstante, para evitar sanciones de las autoridades estatales, L\u00f3pez Obrador asegur\u00f3 que en la ceremonia no pronunciar\u00e1 ning\u00fan discurso. Sin embargo, exhort\u00f3 a la prensa a acudir de cualquier modo.<\/p>\n\n\n\n<p>(Informaci\u00f3n de Infobae M\u00e9xico)<\/p>\n","protected":false},"excerpt":{"rendered":"<p>Redacci\u00f3n\/Zona Roja Cdmx. Ciudad de M\u00e9xico, 20 de marzo de 2022.- El Presidente Andr\u00e9s Manuel&hellip;<\/p>\n","protected":false},"author":2,"featured_media":38980,"comment_status":"closed","ping_status":"open","sticky":false,"template":"","format":"standard","meta":{"_lmt_disableupdate":"","_lmt_disable":"","_jetpack_memberships_contains_paid_content":false,"footnotes":""},"categories":[109,46],"tags":[143],"class_list":["post-39000","post","type-post","status-publish","format-standard","has-post-thumbnail","hentry","category-minuto-a-minuto","category-zona-blanca","tag-andres-manuel-lopez-obrador"],"jetpack_featured_media_url":"https:\/\/zonaroja.com.mx\/wp-content\/uploads\/2022\/03\/Andres-Manuel-Lopez-Obrador-en-Guelatao.jpg","jetpack_sharing_enabled":true,"_links":{"self":[{"href":"https:\/\/zonaroja.com.mx\/index.php?rest_route=\/wp\/v2\/posts\/39000","targetHints":{"allow":["GET"]}}],"collection":[{"href":"https:\/\/zonaroja.com.mx\/index.php?rest_route=\/wp\/v2\/posts"}],"about":[{"href":"https:\/\/zonaroja.com.mx\/index.php?rest_route=\/wp\/v2\/types\/post"}],"author":[{"embeddable":true,"href":"https:\/\/zonaroja.com.mx\/index.php?rest_route=\/wp\/v2\/users\/2"}],"replies":[{"embeddable":true,"href":"https:\/\/zonaroja.com.mx\/index.php?rest_route=%2Fwp%2Fv2%2Fcomments&post=39000"}],"version-history":[{"count":1,"href":"https:\/\/zonaroja.com.mx\/index.php?rest_route=\/wp\/v2\/posts\/39000\/revisions"}],"predecessor-version":[{"id":39001,"href":"https:\/\/zonaroja.com.mx\/index.php?rest_route=\/wp\/v2\/posts\/39000\/revisions\/39001"}],"wp:featuredmedia":[{"embeddable":true,"href":"https:\/\/zonaroja.com.mx\/index.php?rest_route=\/wp\/v2\/media\/38980"}],"wp:attachment":[{"href":"https:\/\/zonaroja.com.mx\/index.php?rest_route=%2Fwp%2Fv2%2Fmedia&parent=39000"}],"wp:term":[{"taxonomy":"category","embeddable":true,"href":"https:\/\/zonaroja.com.mx\/index.php?rest_route=%2Fwp%2Fv2%2Fcategories&post=39000"},{"taxonomy":"post_tag","embeddable":true,"href":"https:\/\/zonaroja.com.mx\/index.php?rest_route=%2Fwp%2Fv2%2Ftags&post=39000"}],"curies":[{"name":"wp","href":"https:\/\/api.w.org\/{rel}","templated":true}]}}