{"id":39002,"date":"2022-03-21T07:03:42","date_gmt":"2022-03-21T13:03:42","guid":{"rendered":"http:\/\/www.zonaroja.com.mx\/?p=39002"},"modified":"2022-03-21T07:03:44","modified_gmt":"2022-03-21T13:03:44","slug":"matan-a-balazos-a-dirigente-regional-de-la-asamblea-de-pueblos-indigenas","status":"publish","type":"post","link":"https:\/\/zonaroja.com.mx\/?p=39002","title":{"rendered":"Matan a balazos a dirigente regional de la Asamblea de Pueblos Ind\u00edgenas"},"content":{"rendered":"\n<p>Ismael Garc\u00eda M.\/Zona Roja.<\/p>\n\n\n\n<p>Oaxaca de Ju\u00e1rez, Oax., 21 de marzo de 2022.- Un segundo dirigente pol\u00edtico y social fue asesinado en Oaxaca durante el fin de semana.&nbsp;<\/p>\n\n\n\n<p>Se trata de Iv\u00e1n Merino Flores, dirigente regional de la Asamblea de Pueblos Ind\u00edgenas (API), ejecutado anoche en Teotitl\u00e1n de Flores Mag\u00f3n, municipio de la regi\u00f3n Ca\u00f1ada del estado.<\/p>\n\n\n\n<p>Fue atacado a balazos en la calle Hidalgo, en el centro de Teotitl\u00e1n y fue trasladado al hospital regional, pero perdi\u00f3 la vida al llegar, debido a la gravedad de las lesiones.<\/p>\n\n\n\n<p>Tambi\u00e9n ayer pero en la comunidad de Pie de la Cuesta, San Juan Cacahuatepec, municipio de la regi\u00f3n de la Costa, fue ultimado por disparo de armas de fuego un taxista, identificado como B. N. B. L., de 60 a\u00f1os de edad, en el interior de su unidad de alquiler con n\u00famero econ\u00f3mico 08-698 TX -JAMIL-158.<\/p>\n\n\n\n<p>Con \u00e9ste, suman seis personas asesinadas el fin de semana, d\u00edas en que estuvo en Oaxaca el Presidente Andr\u00e9s Manuel L\u00f3pez Obrador. Manuel G. M., de 23 a\u00f1os de edad, ultimado la ma\u00f1ana de ayer en la Villa de Etla.<\/p>\n\n\n\n<p>Entre los homicidios destacan el de Edilberto Pastrana, ex candidato a edil de Santiago Jamiltepec, por el Partido del Trabajo, la noche del s\u00e1bado.<\/p>\n\n\n\n<p>Ese d\u00eda, en Santa Catarina Cuixtla fue ejecutado otro individuo, y uno m\u00e1s en Santiago Jamiltepec, identificado como Benjam\u00edn Cadena.<\/p>\n","protected":false},"excerpt":{"rendered":"<p>Ismael Garc\u00eda M.\/Zona Roja. Oaxaca de Ju\u00e1rez, Oax., 21 de marzo de 2022.- Un segundo&hellip;<\/p>\n","protected":false},"author":2,"featured_media":39003,"comment_status":"closed","ping_status":"open","sticky":false,"template":"","format":"standard","meta":{"_lmt_disableupdate":"","_lmt_disable":"","_jetpack_memberships_contains_paid_content":false,"footnotes":""},"categories":[109,51],"tags":[3075,1806],"class_list":["post-39002","post","type-post","status-publish","format-standard","has-post-thumbnail","hentry","category-minuto-a-minuto","category-zona-roja","tag-ivan-merino-flores","tag-teotitlan-de-flores-magon"],"jetpack_featured_media_url":"https:\/\/zonaroja.com.mx\/wp-content\/uploads\/2022\/03\/Ivan-Merino-Flores-API.jpg","jetpack_sharing_enabled":true,"_links":{"self":[{"href":"https:\/\/zonaroja.com.mx\/index.php?rest_route=\/wp\/v2\/posts\/39002","targetHints":{"allow":["GET"]}}],"collection":[{"href":"https:\/\/zonaroja.com.mx\/index.php?rest_route=\/wp\/v2\/posts"}],"about":[{"href":"https:\/\/zonaroja.com.mx\/index.php?rest_route=\/wp\/v2\/types\/post"}],"author":[{"embeddable":true,"href":"https:\/\/zonaroja.com.mx\/index.php?rest_route=\/wp\/v2\/users\/2"}],"replies":[{"embeddable":true,"href":"https:\/\/zonaroja.com.mx\/index.php?rest_route=%2Fwp%2Fv2%2Fcomments&post=39002"}],"version-history":[{"count":1,"href":"https:\/\/zonaroja.com.mx\/index.php?rest_route=\/wp\/v2\/posts\/39002\/revisions"}],"predecessor-version":[{"id":39004,"href":"https:\/\/zonaroja.com.mx\/index.php?rest_route=\/wp\/v2\/posts\/39002\/revisions\/39004"}],"wp:featuredmedia":[{"embeddable":true,"href":"https:\/\/zonaroja.com.mx\/index.php?rest_route=\/wp\/v2\/media\/39003"}],"wp:attachment":[{"href":"https:\/\/zonaroja.com.mx\/index.php?rest_route=%2Fwp%2Fv2%2Fmedia&parent=39002"}],"wp:term":[{"taxonomy":"category","embeddable":true,"href":"https:\/\/zonaroja.com.mx\/index.php?rest_route=%2Fwp%2Fv2%2Fcategories&post=39002"},{"taxonomy":"post_tag","embeddable":true,"href":"https:\/\/zonaroja.com.mx\/index.php?rest_route=%2Fwp%2Fv2%2Ftags&post=39002"}],"curies":[{"name":"wp","href":"https:\/\/api.w.org\/{rel}","templated":true}]}}