{"id":39005,"date":"2022-03-21T07:59:56","date_gmt":"2022-03-21T13:59:56","guid":{"rendered":"http:\/\/www.zonaroja.com.mx\/?p=39005"},"modified":"2022-03-21T07:59:58","modified_gmt":"2022-03-21T13:59:58","slug":"aseguran-en-santa-lucia-del-camino-a-siete-migrantes-dos-menores-de-edad","status":"publish","type":"post","link":"https:\/\/zonaroja.com.mx\/?p=39005","title":{"rendered":"Aseguran en Santa Luc\u00eda del Camino a siete migrantes; dos menores de edad"},"content":{"rendered":"\n<p>Redacci\u00f3n\/Zona Roja.<\/p>\n\n\n\n<p>Oaxaca de Ju\u00e1rez, Oax., 21 de marzo de 2022.- Durante las acciones de seguridad y vigilancia, elementos de la Polic\u00eda Vial de Santa Luc\u00eda del Camino, Oaxaca, aseguraron a siete personas de nacionalidad extranjera, mismas que no pudieron comprobar su estancia legal en el pa\u00eds; entre el grupo de migrantes se encuentran dos menores de edad.<\/p>\n\n\n\n<p>El grupo de indocumentados fue detenido mientras viajaban en un veh\u00edculo por la avenida L\u00e1zaro C\u00e1rdenas esquina con calle de Hornos, en la cabecera municipal; se trata de una unidad marca Nissan tipo Versa, de color rojo con negro, misma que estaba habilitada como servicio p\u00fablico.<\/p>\n\n\n\n<p>Al rebasar el n\u00famero de pasajes, la unidad fue inspeccionada por los elementos viales quienes interrogaron al conductor identificado como Herculano C., mismo que se\u00f1al\u00f3 a los uniformados que se encontraba realizando un viaje especial hacia el centro de la ciudad de Oaxaca.<\/p>\n\n\n\n<p>Posteriormente, la Polic\u00eda Vial Municipal inspeccion\u00f3 a los pasajeros, quienes aseguraron tener nacionalidad cubana, por lo que los elementos procedieron a verificar su estancia legal en el pa\u00eds, hecho que comprob\u00f3 que se trataba de un grupo de indocumentados; por tanto, fueron asegurados y puestos a disposici\u00f3n del Instituto Nacional de Migraci\u00f3n.<\/p>\n\n\n\n<p>El ayuntamiento de Santa Luc\u00eda del Camino que encabeza el presidente Juan Carlos Garc\u00eda M\u00e1rquez, inform\u00f3 que seguir\u00e1 vigilante de cualquier irregularidad que ocurra entre visitantes a nuestro municipio, siempre actuando con lo correspondiente a la ley, y en apoyo a las instituciones pertinentes.<\/p>\n","protected":false},"excerpt":{"rendered":"<p>Redacci\u00f3n\/Zona Roja. Oaxaca de Ju\u00e1rez, Oax., 21 de marzo de 2022.- Durante las acciones de&hellip;<\/p>\n","protected":false},"author":2,"featured_media":39006,"comment_status":"closed","ping_status":"open","sticky":false,"template":"","format":"standard","meta":{"_lmt_disableupdate":"","_lmt_disable":"","_jetpack_memberships_contains_paid_content":false,"footnotes":""},"categories":[109,46],"tags":[337],"class_list":["post-39005","post","type-post","status-publish","format-standard","has-post-thumbnail","hentry","category-minuto-a-minuto","category-zona-blanca","tag-santa-lucia-del-camino"],"jetpack_featured_media_url":"https:\/\/zonaroja.com.mx\/wp-content\/uploads\/2022\/03\/Migrantes-Santa-Lucia-del-Camino.jpg","jetpack_sharing_enabled":true,"_links":{"self":[{"href":"https:\/\/zonaroja.com.mx\/index.php?rest_route=\/wp\/v2\/posts\/39005","targetHints":{"allow":["GET"]}}],"collection":[{"href":"https:\/\/zonaroja.com.mx\/index.php?rest_route=\/wp\/v2\/posts"}],"about":[{"href":"https:\/\/zonaroja.com.mx\/index.php?rest_route=\/wp\/v2\/types\/post"}],"author":[{"embeddable":true,"href":"https:\/\/zonaroja.com.mx\/index.php?rest_route=\/wp\/v2\/users\/2"}],"replies":[{"embeddable":true,"href":"https:\/\/zonaroja.com.mx\/index.php?rest_route=%2Fwp%2Fv2%2Fcomments&post=39005"}],"version-history":[{"count":1,"href":"https:\/\/zonaroja.com.mx\/index.php?rest_route=\/wp\/v2\/posts\/39005\/revisions"}],"predecessor-version":[{"id":39007,"href":"https:\/\/zonaroja.com.mx\/index.php?rest_route=\/wp\/v2\/posts\/39005\/revisions\/39007"}],"wp:featuredmedia":[{"embeddable":true,"href":"https:\/\/zonaroja.com.mx\/index.php?rest_route=\/wp\/v2\/media\/39006"}],"wp:attachment":[{"href":"https:\/\/zonaroja.com.mx\/index.php?rest_route=%2Fwp%2Fv2%2Fmedia&parent=39005"}],"wp:term":[{"taxonomy":"category","embeddable":true,"href":"https:\/\/zonaroja.com.mx\/index.php?rest_route=%2Fwp%2Fv2%2Fcategories&post=39005"},{"taxonomy":"post_tag","embeddable":true,"href":"https:\/\/zonaroja.com.mx\/index.php?rest_route=%2Fwp%2Fv2%2Ftags&post=39005"}],"curies":[{"name":"wp","href":"https:\/\/api.w.org\/{rel}","templated":true}]}}