{"id":39008,"date":"2022-03-21T08:20:20","date_gmt":"2022-03-21T14:20:20","guid":{"rendered":"http:\/\/www.zonaroja.com.mx\/?p=39008"},"modified":"2022-03-21T08:35:58","modified_gmt":"2022-03-21T14:35:58","slug":"gubernatura-rudos-vs-rudos-con-final-de-empate-tecnico","status":"publish","type":"post","link":"https:\/\/zonaroja.com.mx\/?p=39008","title":{"rendered":"Opini\u00f3n. Gubernatura: rudos vs. rudos con final de empate t\u00e9cnico"},"content":{"rendered":"\n<p>Ismael Garc\u00eda M.\/Zona Roja.<\/p>\n\n\n\n<p>Oaxaca de Ju\u00e1rez, Oax., 20 de marzo de 2022.- El escenario de asesinatos, feminicidios, quema de veh\u00edculos, bloqueos y agresiones no es gratuito. Es la crudeza con la cual se disputa la gubernatura, en una lucha fratricida de rudos contra rudos, y que terminar\u00e1 el 5 de junio en empate t\u00e9cnico.<\/p>\n\n\n\n<p>Desde la semana pasada, est\u00e1n ya pr\u00e1cticamente los siete contendientes, cinco de ellos convidados de piedra que en alg\u00fan momento del final de las campa\u00f1as se decidir\u00e1n por uno u otro bando: priista o morenista.<\/p>\n\n\n\n<p>Tres partidos decidieron ir, hasta ahora, solitarios, sin alianza o candidatura com\u00fan: Nueva Alianza, Movimiento Ciudadano y Acci\u00f3n Nacional; no obstante, ninguno de ellos tiene una base s\u00f3lida para poder siquiera hacer cosquillas a los dos oponentes principales.<\/p>\n\n\n\n<p>Por el contrario, uno o m\u00e1s, declinar\u00e1 en el lapso de la campa\u00f1a a favor de alguno de los punteros, para asegurar un futuro pol\u00edtico que solos no tienen.<\/p>\n\n\n\n<p>MORENA INDECISO<\/p>\n\n\n\n<p>A poco m\u00e1s de una semana que inicien las campa\u00f1as a la gubernatura \u2014el 3 de abril\u2014 el Partido Morena vive una grave incertidumbre, al igual que hasta ahora su candidato propuesto, Salom\u00f3n Jara Cruz.<\/p>\n\n\n\n<p>Por un lado, los juicios interpuestos por la senadora Susana Harp Iturribarr\u00eda en el Tribunal Electoral del Poder Judicial de la Federaci\u00f3n \u2014que decide esta semana, y muy probablemente a favor de ella\u2014, tienen en ascuas a quien ya se siente ganador de la contienda.<\/p>\n\n\n\n<p>Tanta es su preocupaci\u00f3n que busc\u00f3 a Harp Iturribarr\u00eda para ofrecerle espacios en el Poder Ejecutivo y en el Legislativo, a cambio de desistirse, lo cual no acept\u00f3 la senadora.<\/p>\n\n\n\n<p>Por el otro lado, en la reuni\u00f3n de hace m\u00e1s de una semana de candidatos morenistas en las seis entidades en disputa con el Presidente L\u00f3pez Obrador, no le fue nada bien.<\/p>\n\n\n\n<p>Le se\u00f1alaron de manera directa los puntos oscuros de su equipo de trabajo, as\u00ed como las relaciones peligrosas que tiene y que, a la postre, ser\u00edan su tumba pol\u00edtica.<\/p>\n\n\n\n<p>Para rematar, la candidatura de Jara a\u00fan no est\u00e1 nada segura y la decisi\u00f3n podr\u00eda revertirse.&nbsp;<\/p>\n\n\n\n<p>Sin embargo, Jara Cruz a\u00fan considera que los acuerdos financieros que hizo con los hijos del Presidente para lograr la candidatura, a\u00fan seguir\u00e1n siendo v\u00e1lidos, pese a todo. El pasado 5 de junio fue registrado ante el IEEPCO, pero\u2026<\/p>\n\n\n\n<p>TRIPLE A<\/p>\n\n\n\n<p>El PRI se decidi\u00f3, como ya se ha explicado en este espacio, por Alejandro Avil\u00e9s \u00c1lvarez, un individuo de lo m\u00e1s rudo en la pol\u00edtica y otros aspectos, y que tiene tambi\u00e9n m\u00faltiples riesgos y se\u00f1alamientos.<\/p>\n\n\n\n<p>La novedad es que en la semana que termin\u00f3, se oficializ\u00f3 la adhesi\u00f3n del Partido de la Revoluci\u00f3n Democr\u00e1tica, tabla de salvaci\u00f3n del Sol Azteca, al que \u00fanicamente le quedan como militantes los integrantes del comit\u00e9 y del consejo directivo.<\/p>\n\n\n\n<p>Avil\u00e9s est\u00e1 decidido a dar la pelea y ha conjuntado a la mayor cantidad de priistas resentidos o alejados del partido; con promesas de todo tipo.<\/p>\n\n\n\n<p>Ha logrado tambi\u00e9n que desde la administraci\u00f3n gubernamental se reactiven los mecanismos de apoyo y que cada trabajador de confianza se comprometa a juntar a su propia gente que vote a favor de este candidato.<\/p>\n\n\n\n<p>Otra de las novedades, y punto a favor, es el intenso activismo que ha desplegado Javier Villaca\u00f1a Jim\u00e9nez desde que inici\u00f3 en el cargo de presidente del comit\u00e9 directivo estatal no ha dejado de reunirse con militantes y representantes de todas partes,<\/p>\n\n\n\n<p>Muy contrastante con lo poco o casi nada que hizo Evel P\u00e9rez Maga\u00f1a, que por cierto a rega\u00f1adientes se ha tenido que sumar a Avil\u00e9s.<\/p>\n\n\n\n<p>El 13 de junio fue el registro del priista y ya por lo pronto, a Avil\u00e9s&nbsp; sus enemigos le buscan c\u00f3mo afectarle, ya sea por sus relaciones con su compadre Gustavo D\u00edaz S\u00e1nchez, ya sea con un probable enriquecimiento il\u00edcito, ya sea mujeres que podr\u00edan atreverse a denunciarlo por acoso, con tal de hacerle ruido contrario en la campa\u00f1a.<\/p>\n\n\n\n<p>LA \u201cCHIQUILLADA\u201d<\/p>\n\n\n\n<p>Ufano, Acci\u00f3n Nacional decidi\u00f3 ir solo a la contienda\u2026 y seguir privilegiando a una familia, que ha actuado como cacique pol\u00edtico, con Natividad D\u00edaz Jim\u00e9nez.<\/p>\n\n\n\n<p>No es ni la tercera fuerza electoral en la entidad, pero se siente como si lo fuera; tan se siente que se dio el lujo de menospreciar una candidatura com\u00fan con el PRI, que a la postre lo llevar\u00e1 de nuevo a recoger un m\u00ednimo de votos.<\/p>\n\n\n\n<p>\u00bfQu\u00e9 es el PAN? \u00danicamente los compromisos financieros de Juan Iv\u00e1n Mendoza siempre en contubernio con Natividad D\u00edaz. Nada m\u00e1s.<\/p>\n\n\n\n<p>La mayor\u00eda de las ocasiones han jugado a favor del PRI y del gobierno estatal, lo cual le ha generado cuantiosos dividendos, por ejemplo a Juan Iv\u00e1n su megarrancho en Tonameca, y cargo tras cargo a Natividad D\u00edaz y sus hermanos, as\u00ed como a su finado padre, por cierto acribillado de manera extra\u00f1a con armas de grueso calibre.<\/p>\n\n\n\n<p>\u00bfNueva Alianza? Desde hace mucho Bersah\u00edn L\u00f3pez s\u00f3lo ha obedecido a las clases pol\u00edticas dominantes, como es el PRI y el gobierno, gracias a lo cual es un pr\u00f3spero millonario y hasta juega a ser periodista con su portal informativo.<\/p>\n\n\n\n<p>A cambio de impunidad en el manejo de los recursos p\u00fablicos, ha logrado sobrevivir para servir de tapete al priismo, como lo har\u00e1 tambi\u00e9n pronto, pues ni tiene fuerza pol\u00edtica y mucho menos militantes.<\/p>\n\n\n\n<p>Caso peor el de Alejandra Garc\u00eda Morlan, con Movimiento Ciudadano, que hace muchos a\u00f1os dej\u00f3 la peque\u00f1a gloria que logr\u00f3 con Gabino Cu\u00e9 Monteagudo. Ni dirigencia ni militancia ni nada tiene ese partido, cuyo due\u00f1o es Dante Delgado Ranauro y a quien le sirve tambi\u00e9n s\u00f3lo a sus intereses pol\u00edticos y econ\u00f3micos; pronto podr\u00eda declinar tambi\u00e9n a favor de uno, y quiz\u00e1 sea el candidato de Morena.<\/p>\n\n\n\n<p>Cierra el c\u00edrculo dos candidatos supuestamente independientes e indigenas, el primero de ellos Mario Cruz Vargas, registrado el 9 de junio pasado ante el IEEPCO, y Jes\u00fas Rodr\u00edguez L\u00f3pez, este \u00faltimo perredista de toda la vida y que s\u00f3lo ha utilizado al partido y a su antigua organizaci\u00f3n social, el FALP, para escalar puestos pol\u00edticos. Ambos simplemente no tienen futuro y se prestar\u00e1n para restar votos a Morena.<\/p>\n\n\n\n<p>La moneda est\u00e1 en el aire y d\u00eda con d\u00eda las encuestas que se divulgan, muestran que Avil\u00e9s reduce la diferencia porcentual con Jara; por cierto Morena con Salom\u00f3n Jara tiene menos preferencias que Morena con Susana Harp.<\/p>\n\n\n\n<p>Tan s\u00f3lo la semana pasada, la consultora Massive Caller, difundi\u00f3 un sondeo en que detalla que Jara tiene 45.6% de preferencias y Avil\u00e9s, 24.9%.<\/p>\n\n\n\n<p>En las \u00faltimas mediciones de esa empresa, Jara ha descendido de 46.7% a 46.3, 45.7 y 45.6. En cambio, Avil\u00e9s ha crecido de 22.9% a 24.6 y 24.9%; lo inusual es que a\u00fan hay muchos votantes que no se deciden, el 12.7%, y ah\u00ed podr\u00eda estar la diferencia para pegarle el susto a Jara\u2026 en caso de que s\u00ed sea candidato. La moneda est\u00e1 en el aire y pinta de un final que decidir\u00e1n los tribunales.<\/p>\n","protected":false},"excerpt":{"rendered":"<p>Ismael Garc\u00eda M.\/Zona Roja. Oaxaca de Ju\u00e1rez, Oax., 20 de marzo de 2022.- El escenario&hellip;<\/p>\n","protected":false},"author":2,"featured_media":7610,"comment_status":"closed","ping_status":"open","sticky":false,"template":"","format":"standard","meta":{"_lmt_disableupdate":"","_lmt_disable":"","_jetpack_memberships_contains_paid_content":false,"footnotes":""},"categories":[456,109,48],"tags":[1353],"class_list":["post-39008","post","type-post","status-publish","format-standard","has-post-thumbnail","hentry","category-columna","category-minuto-a-minuto","category-zona-critica","tag-opinion-zona-critica"],"jetpack_featured_media_url":"https:\/\/zonaroja.com.mx\/wp-content\/uploads\/2020\/01\/Opini\u00f3n-Zona-Cr\u00edtica.jpg","jetpack_sharing_enabled":true,"_links":{"self":[{"href":"https:\/\/zonaroja.com.mx\/index.php?rest_route=\/wp\/v2\/posts\/39008","targetHints":{"allow":["GET"]}}],"collection":[{"href":"https:\/\/zonaroja.com.mx\/index.php?rest_route=\/wp\/v2\/posts"}],"about":[{"href":"https:\/\/zonaroja.com.mx\/index.php?rest_route=\/wp\/v2\/types\/post"}],"author":[{"embeddable":true,"href":"https:\/\/zonaroja.com.mx\/index.php?rest_route=\/wp\/v2\/users\/2"}],"replies":[{"embeddable":true,"href":"https:\/\/zonaroja.com.mx\/index.php?rest_route=%2Fwp%2Fv2%2Fcomments&post=39008"}],"version-history":[{"count":2,"href":"https:\/\/zonaroja.com.mx\/index.php?rest_route=\/wp\/v2\/posts\/39008\/revisions"}],"predecessor-version":[{"id":39013,"href":"https:\/\/zonaroja.com.mx\/index.php?rest_route=\/wp\/v2\/posts\/39008\/revisions\/39013"}],"wp:featuredmedia":[{"embeddable":true,"href":"https:\/\/zonaroja.com.mx\/index.php?rest_route=\/wp\/v2\/media\/7610"}],"wp:attachment":[{"href":"https:\/\/zonaroja.com.mx\/index.php?rest_route=%2Fwp%2Fv2%2Fmedia&parent=39008"}],"wp:term":[{"taxonomy":"category","embeddable":true,"href":"https:\/\/zonaroja.com.mx\/index.php?rest_route=%2Fwp%2Fv2%2Fcategories&post=39008"},{"taxonomy":"post_tag","embeddable":true,"href":"https:\/\/zonaroja.com.mx\/index.php?rest_route=%2Fwp%2Fv2%2Ftags&post=39008"}],"curies":[{"name":"wp","href":"https:\/\/api.w.org\/{rel}","templated":true}]}}