{"id":39010,"date":"2022-03-21T08:34:49","date_gmt":"2022-03-21T14:34:49","guid":{"rendered":"http:\/\/www.zonaroja.com.mx\/?p=39010"},"modified":"2022-03-21T08:34:51","modified_gmt":"2022-03-21T14:34:51","slug":"ocho-dia-despues-el-edil-martinez-neri-no-puede-resolver-conflicto-en-montoya","status":"publish","type":"post","link":"https:\/\/zonaroja.com.mx\/?p=39010","title":{"rendered":"Ocho d\u00eda despu\u00e9s, el edil Mart\u00ednez Neri no puede resolver conflicto en Montoya"},"content":{"rendered":"\n<p>Redacci\u00f3n\/Zona Roja.<\/p>\n\n\n\n<p>Oaxaca de Ju\u00e1rez, Oax., 21 de marzo de 2022.- A m\u00e1s de ocho d\u00edas de la jornada para elegir autoridades en la agencia de Montoya, sin que el ayuntamiento de Oaxaca de Ju\u00e1rez que preside Francisco Mart\u00ednez Neri, pueda resolverlo.<\/p>\n\n\n\n<p>Este domingo, un grupo de pobladores se apoder\u00f3 de la sede de esa agencia y exigi\u00f3 a las autoridades municipales atender la problem\u00e1tica.<\/p>\n\n\n\n<p>Asimismo, acus\u00f3 al secretario General, Felipe Canseco Ruiz, de violentar y empantanar los comicios.<\/p>\n\n\n\n<p>Ayer, Ernesto Antonio V\u00e1squez Rodr\u00edguez, autoridad auxiliar electa de la agencia de polic\u00eda municipal de Montoya, quien fuera electo el pasado 26 de febrero, denunci\u00f3 la intromisi\u00f3n del funcionario, quien ha amedrentado a la gente violentando sus usos y costumbres.<\/p>\n\n\n\n<p>Inform\u00f3 que la elecci\u00f3n en la agencia de Montoya se llev\u00f3 a cabo a trav\u00e9s de una asamblea de acuerdo a los Sistemas Normativos Internos mejor conocidos como Usos y Costumbres, dictaminando la Comisi\u00f3n Electoral su triunfo, pero el pasado jueves Felipe Canseco mand\u00f3 a polic\u00edas colocar una convocatoria para una nueva elecci\u00f3n, sin contar con la firma del agente municipal saliente como lo establecen sus usos y costumbres.<\/p>\n\n\n\n<p>Dijo que el secretario de Gobierno municipal pretende imponer a una persona af\u00edn a su partido, Morena, violentando los Sistemas Normativos Internos, por lo que la asamblea determin\u00f3 \u201ctomar\u201d desde ayer la agencia.<\/p>\n","protected":false},"excerpt":{"rendered":"<p>Redacci\u00f3n\/Zona Roja. Oaxaca de Ju\u00e1rez, Oax., 21 de marzo de 2022.- A m\u00e1s de ocho&hellip;<\/p>\n","protected":false},"author":2,"featured_media":39011,"comment_status":"closed","ping_status":"open","sticky":false,"template":"","format":"standard","meta":{"_lmt_disableupdate":"","_lmt_disable":"","_jetpack_memberships_contains_paid_content":false,"footnotes":""},"categories":[109,47],"tags":[2315],"class_list":["post-39010","post","type-post","status-publish","format-standard","has-post-thumbnail","hentry","category-minuto-a-minuto","category-zona-gris","tag-ayuntamiento-de-oaxaca-de-juarez"],"jetpack_featured_media_url":"https:\/\/zonaroja.com.mx\/wp-content\/uploads\/2022\/03\/Protesta-Montoya-agencia.jpg","jetpack_sharing_enabled":true,"_links":{"self":[{"href":"https:\/\/zonaroja.com.mx\/index.php?rest_route=\/wp\/v2\/posts\/39010","targetHints":{"allow":["GET"]}}],"collection":[{"href":"https:\/\/zonaroja.com.mx\/index.php?rest_route=\/wp\/v2\/posts"}],"about":[{"href":"https:\/\/zonaroja.com.mx\/index.php?rest_route=\/wp\/v2\/types\/post"}],"author":[{"embeddable":true,"href":"https:\/\/zonaroja.com.mx\/index.php?rest_route=\/wp\/v2\/users\/2"}],"replies":[{"embeddable":true,"href":"https:\/\/zonaroja.com.mx\/index.php?rest_route=%2Fwp%2Fv2%2Fcomments&post=39010"}],"version-history":[{"count":1,"href":"https:\/\/zonaroja.com.mx\/index.php?rest_route=\/wp\/v2\/posts\/39010\/revisions"}],"predecessor-version":[{"id":39012,"href":"https:\/\/zonaroja.com.mx\/index.php?rest_route=\/wp\/v2\/posts\/39010\/revisions\/39012"}],"wp:featuredmedia":[{"embeddable":true,"href":"https:\/\/zonaroja.com.mx\/index.php?rest_route=\/wp\/v2\/media\/39011"}],"wp:attachment":[{"href":"https:\/\/zonaroja.com.mx\/index.php?rest_route=%2Fwp%2Fv2%2Fmedia&parent=39010"}],"wp:term":[{"taxonomy":"category","embeddable":true,"href":"https:\/\/zonaroja.com.mx\/index.php?rest_route=%2Fwp%2Fv2%2Fcategories&post=39010"},{"taxonomy":"post_tag","embeddable":true,"href":"https:\/\/zonaroja.com.mx\/index.php?rest_route=%2Fwp%2Fv2%2Ftags&post=39010"}],"curies":[{"name":"wp","href":"https:\/\/api.w.org\/{rel}","templated":true}]}}