{"id":39014,"date":"2022-03-21T08:41:40","date_gmt":"2022-03-21T14:41:40","guid":{"rendered":"http:\/\/www.zonaroja.com.mx\/?p=39014"},"modified":"2022-03-21T08:41:41","modified_gmt":"2022-03-21T14:41:41","slug":"se-une-xoxocotlan-con-chente-castellanos-por-la-paz-en-comicios","status":"publish","type":"post","link":"https:\/\/zonaroja.com.mx\/?p=39014","title":{"rendered":"Se une Xoxocotl\u00e1n con \u201cChente\u201d Castellanos por la paz en comicios"},"content":{"rendered":"\n<p>Redacci\u00f3n\/Zona Roja.<\/p>\n\n\n\n<p>Oaxaca de Ju\u00e1rez, Oax., 21 de marzo de 2022- Vestidas de blanco, mujeres de Santa Cruz Xoxocotl\u00e1n realizaron una caminata por las calles de la cabecera municipal de Santa Cruz Xoxocotl\u00e1n, para exigir un alto a la violencia que ha estallado en lo \u00faltimos d\u00edas y hacer un llamado a la paz.<\/p>\n\n\n\n<p>\u00abNuestro municipio ha sido el m\u00e1s inseguro en los \u00faltimos cinco a\u00f1os; nos dejaron desprotegidas. Ahora buscan nuestro voto y cuando ped\u00edamos auxilio a la polic\u00eda, no llegaba; cuando acud\u00edamos al Palacio Municipal, nunca nos recib\u00edan. Las mujeres fuimos olvidadas\u00bb, destacaron.<\/p>\n\n\n\n<p>Se\u00f1alaron que no est\u00e1n dispuestas a que el g\u00e9nero femenino sea utilizado para promesas pol\u00edticas, para v\u00edctimizarse y desestabilizar el municipio.&nbsp;<\/p>\n\n\n\n<p>\u00abLas mujeres de Xoxocotl\u00e1n somos fuertes y ya decidimos que no queremos un gobierno que trabaja para una sola mujer; queremos un gobierno para todas, para nuestras familias y no para una sola\u00bb, expres\u00f3 una de las vecinas xoxe\u00f1as.&nbsp;<\/p>\n\n\n\n<p>Por ello, indicaron que ellas votar\u00e1n por una persona cercana a las mujeres, a quien conocen por su labor altruista a favor de las familias xoxe\u00f1as y por ser gente de paz.&nbsp;<\/p>\n\n\n\n<p>\u00abNosotras ya decidimos que queremos al Dr. Chente Castellanos como Presidente Municipal de Xoxocotl\u00e1n; ya no queremos que regresen los mismos, no queremos que vuelvan los que siguen poni\u00e9ndonos en riesgo con sus actos de violencia. En Xoxo queremos paz\u00bb.<\/p>\n","protected":false},"excerpt":{"rendered":"<p>Redacci\u00f3n\/Zona Roja. Oaxaca de Ju\u00e1rez, Oax., 21 de marzo de 2022- Vestidas de blanco, mujeres&hellip;<\/p>\n","protected":false},"author":2,"featured_media":39015,"comment_status":"closed","ping_status":"open","sticky":false,"template":"","format":"standard","meta":{"_lmt_disableupdate":"","_lmt_disable":"","_jetpack_memberships_contains_paid_content":false,"footnotes":""},"categories":[109,46],"tags":[3066],"class_list":["post-39014","post","type-post","status-publish","format-standard","has-post-thumbnail","hentry","category-minuto-a-minuto","category-zona-blanca","tag-inocente-castellanos-alejos"],"jetpack_featured_media_url":"https:\/\/zonaroja.com.mx\/wp-content\/uploads\/2022\/03\/Inocente-Castellanos-llamado-paz-Xoxocotlan.jpg","jetpack_sharing_enabled":true,"_links":{"self":[{"href":"https:\/\/zonaroja.com.mx\/index.php?rest_route=\/wp\/v2\/posts\/39014","targetHints":{"allow":["GET"]}}],"collection":[{"href":"https:\/\/zonaroja.com.mx\/index.php?rest_route=\/wp\/v2\/posts"}],"about":[{"href":"https:\/\/zonaroja.com.mx\/index.php?rest_route=\/wp\/v2\/types\/post"}],"author":[{"embeddable":true,"href":"https:\/\/zonaroja.com.mx\/index.php?rest_route=\/wp\/v2\/users\/2"}],"replies":[{"embeddable":true,"href":"https:\/\/zonaroja.com.mx\/index.php?rest_route=%2Fwp%2Fv2%2Fcomments&post=39014"}],"version-history":[{"count":1,"href":"https:\/\/zonaroja.com.mx\/index.php?rest_route=\/wp\/v2\/posts\/39014\/revisions"}],"predecessor-version":[{"id":39016,"href":"https:\/\/zonaroja.com.mx\/index.php?rest_route=\/wp\/v2\/posts\/39014\/revisions\/39016"}],"wp:featuredmedia":[{"embeddable":true,"href":"https:\/\/zonaroja.com.mx\/index.php?rest_route=\/wp\/v2\/media\/39015"}],"wp:attachment":[{"href":"https:\/\/zonaroja.com.mx\/index.php?rest_route=%2Fwp%2Fv2%2Fmedia&parent=39014"}],"wp:term":[{"taxonomy":"category","embeddable":true,"href":"https:\/\/zonaroja.com.mx\/index.php?rest_route=%2Fwp%2Fv2%2Fcategories&post=39014"},{"taxonomy":"post_tag","embeddable":true,"href":"https:\/\/zonaroja.com.mx\/index.php?rest_route=%2Fwp%2Fv2%2Ftags&post=39014"}],"curies":[{"name":"wp","href":"https:\/\/api.w.org\/{rel}","templated":true}]}}