{"id":39017,"date":"2022-03-21T08:49:32","date_gmt":"2022-03-21T14:49:32","guid":{"rendered":"http:\/\/www.zonaroja.com.mx\/?p=39017"},"modified":"2022-03-21T08:49:34","modified_gmt":"2022-03-21T14:49:34","slug":"sometio-a-su-victima-la-envolvio-en-plastico-y-telas-la-asfixio-y-le-echo-cal","status":"publish","type":"post","link":"https:\/\/zonaroja.com.mx\/?p=39017","title":{"rendered":"Someti\u00f3 a su v\u00edctima, la envolvi\u00f3 en pl\u00e1stico y telas, la asfixi\u00f3 y le ech\u00f3 cal"},"content":{"rendered":"\n<p>Redacci\u00f3n\/Zona Roja.&nbsp;<\/p>\n\n\n\n<p>Oaxaca de Ju\u00e1rez, Oax., 21 de marzo de 2022.- La Fiscal\u00eda General del Estado de Oaxaca (FGEO) obtuvo del Juzgado de Control, auto de vinculaci\u00f3n a proceso contra la persona del sexo masculino identificada como O. L. B., probable responsable de los delitos de homicidio doloso y ocultamiento de cad\u00e1ver, en agravio de quien en vida respondi\u00f3 al nombre de O. I. C., cometido en marzo de 2021, en Oaxaca de Ju\u00e1rez, regi\u00f3n de Valles Centrales.<\/p>\n\n\n\n<p>De acuerdo con la carpeta de investigaci\u00f3n 9652\/FDAI\/UEIH\/2021, el 18 de marzo de 2021, en inmediaciones de la colonia Siete Regiones, el imputado probablemente ingres\u00f3 al inmueble (consultorio dental de la v\u00edctima), lo someti\u00f3 y envolvi\u00f3 en bolsas de pl\u00e1stico y tela. Posteriormente el imputado verti\u00f3 cal sobre la v\u00edctima, siendo la causa de la muerte asfixia por sofocaci\u00f3n.<\/p>\n\n\n\n<p>Es importante se\u00f1alar que, el cuerpo de la v\u00edctima fue encontrado el 23 de marzo de 2021, en el inmueble antes se\u00f1alado.<\/p>\n\n\n\n<p>Ante estos hechos, la Instituci\u00f3n de procuraci\u00f3n de justicia inici\u00f3 una exhaustiva y diligente investigaci\u00f3n \u2013a trav\u00e9s de la Fiscal\u00eda Especializada en Atenci\u00f3n a Delitos de Alto Impacto-, logrando presentar al probable responsable ante el Juez de Control.<\/p>\n\n\n\n<p>En audiencia y tras validar los datos de prueba proporcionados por la FGEO, el juez en turno determin\u00f3 vincular a proceso a O. L. B., imponiendo la medida cautelar de prisi\u00f3n preventiva oficiosa y otorg\u00f3 tres meses para el cierre de investigaci\u00f3n complementaria.<\/p>\n","protected":false},"excerpt":{"rendered":"<p>Redacci\u00f3n\/Zona Roja.&nbsp; Oaxaca de Ju\u00e1rez, Oax., 21 de marzo de 2022.- La Fiscal\u00eda General del&hellip;<\/p>\n","protected":false},"author":2,"featured_media":30722,"comment_status":"closed","ping_status":"open","sticky":false,"template":"","format":"standard","meta":{"_lmt_disableupdate":"","_lmt_disable":"","_jetpack_memberships_contains_paid_content":false,"footnotes":""},"categories":[109,47],"tags":[494],"class_list":["post-39017","post","type-post","status-publish","format-standard","has-post-thumbnail","hentry","category-minuto-a-minuto","category-zona-gris","tag-fiscalia-general-del-estado-de-oaxaca"],"jetpack_featured_media_url":"https:\/\/zonaroja.com.mx\/wp-content\/uploads\/2021\/08\/Prision-carcel-2.jpg","jetpack_sharing_enabled":true,"_links":{"self":[{"href":"https:\/\/zonaroja.com.mx\/index.php?rest_route=\/wp\/v2\/posts\/39017","targetHints":{"allow":["GET"]}}],"collection":[{"href":"https:\/\/zonaroja.com.mx\/index.php?rest_route=\/wp\/v2\/posts"}],"about":[{"href":"https:\/\/zonaroja.com.mx\/index.php?rest_route=\/wp\/v2\/types\/post"}],"author":[{"embeddable":true,"href":"https:\/\/zonaroja.com.mx\/index.php?rest_route=\/wp\/v2\/users\/2"}],"replies":[{"embeddable":true,"href":"https:\/\/zonaroja.com.mx\/index.php?rest_route=%2Fwp%2Fv2%2Fcomments&post=39017"}],"version-history":[{"count":1,"href":"https:\/\/zonaroja.com.mx\/index.php?rest_route=\/wp\/v2\/posts\/39017\/revisions"}],"predecessor-version":[{"id":39018,"href":"https:\/\/zonaroja.com.mx\/index.php?rest_route=\/wp\/v2\/posts\/39017\/revisions\/39018"}],"wp:featuredmedia":[{"embeddable":true,"href":"https:\/\/zonaroja.com.mx\/index.php?rest_route=\/wp\/v2\/media\/30722"}],"wp:attachment":[{"href":"https:\/\/zonaroja.com.mx\/index.php?rest_route=%2Fwp%2Fv2%2Fmedia&parent=39017"}],"wp:term":[{"taxonomy":"category","embeddable":true,"href":"https:\/\/zonaroja.com.mx\/index.php?rest_route=%2Fwp%2Fv2%2Fcategories&post=39017"},{"taxonomy":"post_tag","embeddable":true,"href":"https:\/\/zonaroja.com.mx\/index.php?rest_route=%2Fwp%2Fv2%2Ftags&post=39017"}],"curies":[{"name":"wp","href":"https:\/\/api.w.org\/{rel}","templated":true}]}}