{"id":39022,"date":"2022-03-21T18:41:35","date_gmt":"2022-03-22T00:41:35","guid":{"rendered":"http:\/\/www.zonaroja.com.mx\/?p=39022"},"modified":"2022-03-21T18:41:37","modified_gmt":"2022-03-22T00:41:37","slug":"aun-libres-autores-materiales-e-intelectuales-de-masacre-en-huazantlan","status":"publish","type":"post","link":"https:\/\/zonaroja.com.mx\/?p=39022","title":{"rendered":"A\u00fan libres autores materiales e intelectuales de masacre en Huazantl\u00e1n"},"content":{"rendered":"\n<p>Yuridiana Sosa\/Zona Roja.<\/p>\n\n\n\n<p>Oaxaca de Ju\u00e1rez, Oax., 21 de marzo de 2022.- Familiares de las 15 v\u00edctimas mortales de la masacre de Huazantl\u00e1n del R\u00edo, agencia del municipio de San Mateo del Mar, no cesan en exigir justicia a un a\u00f1o y nueves meses de los hechos violentos, y por los que tambi\u00e9n tuvieron que exiliarse.<\/p>\n\n\n\n<p>En su conferencia mensual, hasta conseguir justicia, las v\u00edctimas de la violencia se\u00f1alaron que la Fiscal\u00eda General de Oaxaca no realiza las investigaciones ni acciones suficientes para la detenci\u00f3n de los autores intelectuales y materiales de la masacre, los cuales est\u00e1n plenamente identificados.&nbsp;<\/p>\n\n\n\n<p>Los familiares recordaron que existen 100 \u00f3rdenes de aprehensi\u00f3n que no se han ejecutado, mientras que la \u00fanica personas detenida, se identificada como&nbsp; Flavio \u201cN\u201d, sigue sin ser sentenciada porque seg\u00fan la Fiscal\u00eda de Oaxaca no existen elementos suficientes para determinar que estuvo implicado.<\/p>\n\n\n\n<p>\u201cHan hecho caso omiso, ellos solo dicen que el proceso contin\u00faa\u201d, expresaron los afectados exiliados, quienes mantienen un campamento frente a Palacio de Gobierno, en el z\u00f3calo de la capital.&nbsp;<\/p>\n\n\n\n<p>Los integrantes de unas 15 familias permanecen en la capital, en condiciones limitadas para la vida diaria, por el temor de regresar a su comunidad en San Mateo del Mar, pues los agresores siguen en el pueblo y les han realizado diversas amenazas e intimidaciones que ponen en riesgo su vida en caso de volver.<\/p>\n","protected":false},"excerpt":{"rendered":"<p>Yuridiana Sosa\/Zona Roja. Oaxaca de Ju\u00e1rez, Oax., 21 de marzo de 2022.- Familiares de las&hellip;<\/p>\n","protected":false},"author":2,"featured_media":39023,"comment_status":"closed","ping_status":"open","sticky":false,"template":"","format":"standard","meta":{"_lmt_disableupdate":"","_lmt_disable":"","_jetpack_memberships_contains_paid_content":false,"footnotes":""},"categories":[109,47],"tags":[1656],"class_list":["post-39022","post","type-post","status-publish","format-standard","has-post-thumbnail","hentry","category-minuto-a-minuto","category-zona-gris","tag-huazantlan-del-rio"],"jetpack_featured_media_url":"https:\/\/zonaroja.com.mx\/wp-content\/uploads\/2022\/03\/Conferencia-Huazantlan.jpg","jetpack_sharing_enabled":true,"_links":{"self":[{"href":"https:\/\/zonaroja.com.mx\/index.php?rest_route=\/wp\/v2\/posts\/39022","targetHints":{"allow":["GET"]}}],"collection":[{"href":"https:\/\/zonaroja.com.mx\/index.php?rest_route=\/wp\/v2\/posts"}],"about":[{"href":"https:\/\/zonaroja.com.mx\/index.php?rest_route=\/wp\/v2\/types\/post"}],"author":[{"embeddable":true,"href":"https:\/\/zonaroja.com.mx\/index.php?rest_route=\/wp\/v2\/users\/2"}],"replies":[{"embeddable":true,"href":"https:\/\/zonaroja.com.mx\/index.php?rest_route=%2Fwp%2Fv2%2Fcomments&post=39022"}],"version-history":[{"count":1,"href":"https:\/\/zonaroja.com.mx\/index.php?rest_route=\/wp\/v2\/posts\/39022\/revisions"}],"predecessor-version":[{"id":39024,"href":"https:\/\/zonaroja.com.mx\/index.php?rest_route=\/wp\/v2\/posts\/39022\/revisions\/39024"}],"wp:featuredmedia":[{"embeddable":true,"href":"https:\/\/zonaroja.com.mx\/index.php?rest_route=\/wp\/v2\/media\/39023"}],"wp:attachment":[{"href":"https:\/\/zonaroja.com.mx\/index.php?rest_route=%2Fwp%2Fv2%2Fmedia&parent=39022"}],"wp:term":[{"taxonomy":"category","embeddable":true,"href":"https:\/\/zonaroja.com.mx\/index.php?rest_route=%2Fwp%2Fv2%2Fcategories&post=39022"},{"taxonomy":"post_tag","embeddable":true,"href":"https:\/\/zonaroja.com.mx\/index.php?rest_route=%2Fwp%2Fv2%2Ftags&post=39022"}],"curies":[{"name":"wp","href":"https:\/\/api.w.org\/{rel}","templated":true}]}}