{"id":39031,"date":"2022-03-21T21:15:19","date_gmt":"2022-03-22T03:15:19","guid":{"rendered":"http:\/\/www.zonaroja.com.mx\/?p=39031"},"modified":"2022-03-21T21:15:21","modified_gmt":"2022-03-22T03:15:21","slug":"sin-descanso-las-protestas-en-oaxaca-este-inicio-de-semana","status":"publish","type":"post","link":"https:\/\/zonaroja.com.mx\/?p=39031","title":{"rendered":"Sin descanso las protestas en Oaxaca, este inicio de semana"},"content":{"rendered":"\n<p>Yuridiana Sosa\/Zona Roja.<\/p>\n\n\n\n<p>Oaxaca de Ju\u00e1rez, Oax., 21 de marzo de 2022.- En Valles Centrales, Istmo y Cuenca, las protestas contra autoridades estatales y federales, as\u00ed como de expresiones pol\u00edticas, no tuvieron descanso en Oaxaca este inicio de semana, d\u00eda de asueto con motivo del aniversario del natalicio de Benito Ju\u00e1rez.<\/p>\n\n\n\n<p>En la Cuenca, los llamados servidores de la naci\u00f3n de la delegaci\u00f3n regional de la Secretar\u00eda de Bienestar, con sede en Tuxtepec, se manifestaron en una asamblea contra Nancy Ortiz, titular de Bienestar en Oaxaca y \u201ctomaron\u201d las oficinas de la representaci\u00f3n.<\/p>\n\n\n\n<p>Los funcionarios p\u00fablicos reclamaron el cambio de la directora regional, Yesenia Barbosa Arcuri, sin previo aviso, por el pol\u00edtico Omar Blas Pacheco, de la regi\u00f3n de Valles Centrales.<\/p>\n\n\n\n<p>Motivo por el que, sin precisar la exigencia de la renuncia del nuevo, demandaron a Nancy Ortiz arribe a la Cuenca para que les explique los motivos del cambio y de preferencia nombre a una personas oriunda de la regi\u00f3n para asumir el cargo, as\u00ed tambi\u00e9n exigieron la firma de sus contratos, pues temen ser despedidos.<\/p>\n\n\n\n<p>BLOQUEOS<\/p>\n\n\n\n<p>Como desde hace dos semanas, habitantes de la agencia de Mar\u00eda Lombardo de Caso, de San Juan Cotzoc\u00f3n Mixe, mantienen un bloqueo en la carretera 147 en el tramo entre Palomares y Tuxtepec.<\/p>\n\n\n\n<p>La manifestaci\u00f3n obedece a un conflicto agrario entre dicha comunidad y sus vecinos de la agencia de Jaltepec de Candayoc, de ese mismo municipio Mixe, en la Sierra Norte.<\/p>\n\n\n\n<p>Sin embrago, por la localizaci\u00f3n de Mar\u00eda Lombardo, el bloqueo afecta la comunicaci\u00f3n vial entre las regiones de la Cuenca e Istmo.<\/p>\n\n\n\n<p>En otro punto de la regi\u00f3n del Istmo, productores de sorgo volvieron a manifestarse con un bloqueo en la carreta 190 Panamericana, en el tramo Jalapa del Marqu\u00e9s-Tehuantepec, en el punto conocido como \u201cCaracol\u201d en Tehuantepec.<\/p>\n\n\n\n<p>Los sorgueros exigen al Gobierno del Estado recursos para el gremio que no se han otorgado desde hace dos a\u00f1os. Por la tarde-noche se retir\u00f3 la manifestaci\u00f3n.<\/p>\n\n\n\n<p>VALLES CON PROTESTA<\/p>\n\n\n\n<p>En distintos puntos de la zona conurbada se registraron protestas este lunes. Iniciaron familiares de las v\u00edctimas mortales de Huazantl\u00e1n del R\u00edo, en la sede de la Fiscal\u00eda General de Oaxaca de San Antonio de la Cal, para exigir justicia a 21 meses de la masacre.<\/p>\n\n\n\n<p>Asimismo, para demandar cese de la violencia feminicida en Oaxaca, se manifest\u00f3 de forma breve y pac\u00edfica la organizaci\u00f3n Red de Mujeres para una Vida Libre de Violencia (Remuvi) en el z\u00f3calo de la capital.<\/p>\n\n\n\n<p>En ese mismo punto, tambi\u00e9n supervisores de la Secci\u00f3n 22 del Sindicato Nacional de Trabajadores de la Educaci\u00f3n protestaron para que el Gobierno del Estado cumpla su demandas laborales y sindicales.<\/p>\n\n\n\n<p>En tanto, en el bulevar Guadalupe Hinojosa del municipio conurbado de Santa Cruz Xoxocotl\u00e1n, un grupo de mujeres se manifest\u00f3 para expresar su rechazo al cacicazgos de Alejandro L\u00f3pez Jarqu\u00edn en dicho municipio, ante la candidatura de su esposa Tania L\u00f3pez para aspirar a la presidencia, esto en el marco de las elecciones extraordinarias, a celebrarse el pr\u00f3ximo domingo. \u201cXoxo no es herencia\u201d, expresaron.&nbsp;<\/p>\n","protected":false},"excerpt":{"rendered":"<p>Yuridiana Sosa\/Zona Roja. Oaxaca de Ju\u00e1rez, Oax., 21 de marzo de 2022.- En Valles Centrales,&hellip;<\/p>\n","protected":false},"author":2,"featured_media":39032,"comment_status":"closed","ping_status":"open","sticky":false,"template":"","format":"standard","meta":{"_lmt_disableupdate":"","_lmt_disable":"","_jetpack_memberships_contains_paid_content":false,"footnotes":""},"categories":[109,47],"tags":[2264],"class_list":["post-39031","post","type-post","status-publish","format-standard","has-post-thumbnail","hentry","category-minuto-a-minuto","category-zona-gris","tag-bloqueos-y-protestas-oaxaca"],"jetpack_featured_media_url":"https:\/\/zonaroja.com.mx\/wp-content\/uploads\/2022\/03\/Bloqueos-Istmo-sorgueros.jpeg","jetpack_sharing_enabled":true,"_links":{"self":[{"href":"https:\/\/zonaroja.com.mx\/index.php?rest_route=\/wp\/v2\/posts\/39031","targetHints":{"allow":["GET"]}}],"collection":[{"href":"https:\/\/zonaroja.com.mx\/index.php?rest_route=\/wp\/v2\/posts"}],"about":[{"href":"https:\/\/zonaroja.com.mx\/index.php?rest_route=\/wp\/v2\/types\/post"}],"author":[{"embeddable":true,"href":"https:\/\/zonaroja.com.mx\/index.php?rest_route=\/wp\/v2\/users\/2"}],"replies":[{"embeddable":true,"href":"https:\/\/zonaroja.com.mx\/index.php?rest_route=%2Fwp%2Fv2%2Fcomments&post=39031"}],"version-history":[{"count":1,"href":"https:\/\/zonaroja.com.mx\/index.php?rest_route=\/wp\/v2\/posts\/39031\/revisions"}],"predecessor-version":[{"id":39033,"href":"https:\/\/zonaroja.com.mx\/index.php?rest_route=\/wp\/v2\/posts\/39031\/revisions\/39033"}],"wp:featuredmedia":[{"embeddable":true,"href":"https:\/\/zonaroja.com.mx\/index.php?rest_route=\/wp\/v2\/media\/39032"}],"wp:attachment":[{"href":"https:\/\/zonaroja.com.mx\/index.php?rest_route=%2Fwp%2Fv2%2Fmedia&parent=39031"}],"wp:term":[{"taxonomy":"category","embeddable":true,"href":"https:\/\/zonaroja.com.mx\/index.php?rest_route=%2Fwp%2Fv2%2Fcategories&post=39031"},{"taxonomy":"post_tag","embeddable":true,"href":"https:\/\/zonaroja.com.mx\/index.php?rest_route=%2Fwp%2Fv2%2Ftags&post=39031"}],"curies":[{"name":"wp","href":"https:\/\/api.w.org\/{rel}","templated":true}]}}