{"id":39039,"date":"2022-03-21T21:55:25","date_gmt":"2022-03-22T03:55:25","guid":{"rendered":"http:\/\/www.zonaroja.com.mx\/?p=39039"},"modified":"2022-03-21T21:55:26","modified_gmt":"2022-03-22T03:55:26","slug":"detienen-a-presunto-feminicida-estrangulo-y-mato-a-mujer-en-oaxaca-capital","status":"publish","type":"post","link":"https:\/\/zonaroja.com.mx\/?p=39039","title":{"rendered":"Detienen a presunto feminicida; estrangul\u00f3 y mat\u00f3 a mujer en Oaxaca capital"},"content":{"rendered":"\n<p>Redacci\u00f3n\/Zona Roja.&nbsp;<\/p>\n\n\n\n<p>Oaxaca de Ju\u00e1rez, Oax., 21 de marzo de 2022.- La Fiscal\u00eda General del Estado de Oaxaca (FGEO) dio cumplimiento a una orden de aprehensi\u00f3n contra la persona del sexo masculino identificada como E. A. S. F., probable responsable del delito de feminicidio agravado en contra de quien en vida respondi\u00f3 al nombre de A. V. R., cometido en la Ciudad de Oaxaca de Ju\u00e1rez, en la regi\u00f3n de Valles Centrales.<\/p>\n\n\n\n<p>De acuerdo con la causa penal 277\/2022, los hechos se suscitaron la madrugada del 1 de enero de 2022, cuando el sujeto probablemente estrangul\u00f3 y priv\u00f3 de la vida a la v\u00edctima, cuando se encontraban en su domicilio particular, ubicado en la colonia Solidaridad de la agencia de Santa Rosa Panzacola, en la capital oaxaque\u00f1a.<\/p>\n\n\n\n<p>Posteriormente, el imputado condujo el cuerpo a un arroyo cercano, sitio donde fue hallado el 8 de enero del a\u00f1o en curso.<\/p>\n\n\n\n<p>Ante este hecho, la Instituci\u00f3n de procuraci\u00f3n de justicia -a trav\u00e9s de la Fiscal\u00eda Especializada en Atenci\u00f3n a Delitos contra la Mujer por Raz\u00f3n de G\u00e9nero- inici\u00f3 una exhaustiva investigaci\u00f3n bajo el protocolo ministerial, policial y pericial del delito de feminicidio en Oaxaca y tras una ardua labor de inteligencia, elementos de la Agencia Estatal de Investigaciones ejecutaron orden de aprehensi\u00f3n contra el probable feminicida.<\/p>\n\n\n\n<p>El masculino E. A. S. F. fue presentado ante la autoridad judicial que lo requiri\u00f3, que determinar\u00e1 su situaci\u00f3n jur\u00eddica en las pr\u00f3ximas horas.<\/p>\n\n\n\n<p>CONDENA DE 30 A\u00d1OS<\/p>\n\n\n\n<p>Por otra parte, la Fiscal\u00eda General del Estado de Oaxaca (FGEO) obtuvo, del Tribunal de Enjuiciamiento, sentencia condenatoria de 30 a\u00f1os de prisi\u00f3n contra la persona del sexo masculino identificada como R. S. M. B., responsable del delito de homicidio calificado en agravio de quien en vida respondi\u00f3 al nombre de G. L. M. y del delito de lesiones calificadas en agravio de J. R. B. D., cometidos en&nbsp; jurisdicci\u00f3n de Santa Luc\u00eda del Camino, en la regi\u00f3n de Valles Centrales.<\/p>\n\n\n\n<p>De acuerdo con la carpeta de investigaci\u00f3n 806\/FEDAI\/2018, el 12 de mayo de 2018, el imputado agredi\u00f3 con disparos de arma de fuego a las v\u00edctimas cuando se encontraban a bordo de una camioneta estacionada en inmediaciones de la localidad de San Francisco Tutla, perteneciente al referido municipio.<\/p>\n\n\n\n<p>Producto de la agresi\u00f3n falleci\u00f3 G. L. M., en tanto que J. R. B. D. sufri\u00f3 heridas que pusieron en riesgo su vida.<\/p>\n\n\n\n<p>Ante este hecho, la Instituci\u00f3n de procuraci\u00f3n de justicia inici\u00f3 la investigaci\u00f3n correspondiente -a trav\u00e9s de la Fiscal\u00eda Especializada en Atenci\u00f3n a Delitos de Alto Impacto-, logrando identificar, aprehender y presentar al agresor ante el Juez, quien determin\u00f3 vincularlo a proceso.<\/p>\n\n\n\n<p>En audiencia, el Tribunal de Enjuiciamiento dict\u00f3 sentencia condenatoria contra R. S. M. B., imponiendo la pena de 30 a\u00f1os y ocho meses de prisi\u00f3n, adem\u00e1s que orden\u00f3 el pago de m\u00e1s de 441 mil pesos por concepto de reparaci\u00f3n del da\u00f1o.<\/p>\n","protected":false},"excerpt":{"rendered":"<p>Redacci\u00f3n\/Zona Roja.&nbsp; Oaxaca de Ju\u00e1rez, Oax., 21 de marzo de 2022.- La Fiscal\u00eda General del&hellip;<\/p>\n","protected":false},"author":2,"featured_media":34301,"comment_status":"closed","ping_status":"open","sticky":false,"template":"","format":"standard","meta":{"_lmt_disableupdate":"","_lmt_disable":"","_jetpack_memberships_contains_paid_content":false,"footnotes":""},"categories":[109,47],"tags":[494],"class_list":["post-39039","post","type-post","status-publish","format-standard","has-post-thumbnail","hentry","category-minuto-a-minuto","category-zona-gris","tag-fiscalia-general-del-estado-de-oaxaca"],"jetpack_featured_media_url":"https:\/\/zonaroja.com.mx\/wp-content\/uploads\/2021\/11\/Detenido-delito-violencia-1.jpg","jetpack_sharing_enabled":true,"_links":{"self":[{"href":"https:\/\/zonaroja.com.mx\/index.php?rest_route=\/wp\/v2\/posts\/39039","targetHints":{"allow":["GET"]}}],"collection":[{"href":"https:\/\/zonaroja.com.mx\/index.php?rest_route=\/wp\/v2\/posts"}],"about":[{"href":"https:\/\/zonaroja.com.mx\/index.php?rest_route=\/wp\/v2\/types\/post"}],"author":[{"embeddable":true,"href":"https:\/\/zonaroja.com.mx\/index.php?rest_route=\/wp\/v2\/users\/2"}],"replies":[{"embeddable":true,"href":"https:\/\/zonaroja.com.mx\/index.php?rest_route=%2Fwp%2Fv2%2Fcomments&post=39039"}],"version-history":[{"count":1,"href":"https:\/\/zonaroja.com.mx\/index.php?rest_route=\/wp\/v2\/posts\/39039\/revisions"}],"predecessor-version":[{"id":39040,"href":"https:\/\/zonaroja.com.mx\/index.php?rest_route=\/wp\/v2\/posts\/39039\/revisions\/39040"}],"wp:featuredmedia":[{"embeddable":true,"href":"https:\/\/zonaroja.com.mx\/index.php?rest_route=\/wp\/v2\/media\/34301"}],"wp:attachment":[{"href":"https:\/\/zonaroja.com.mx\/index.php?rest_route=%2Fwp%2Fv2%2Fmedia&parent=39039"}],"wp:term":[{"taxonomy":"category","embeddable":true,"href":"https:\/\/zonaroja.com.mx\/index.php?rest_route=%2Fwp%2Fv2%2Fcategories&post=39039"},{"taxonomy":"post_tag","embeddable":true,"href":"https:\/\/zonaroja.com.mx\/index.php?rest_route=%2Fwp%2Fv2%2Ftags&post=39039"}],"curies":[{"name":"wp","href":"https:\/\/api.w.org\/{rel}","templated":true}]}}