{"id":3904,"date":"2019-09-12T17:45:48","date_gmt":"2019-09-12T22:45:48","guid":{"rendered":"http:\/\/www.zonaroja.com.mx\/?p=3904"},"modified":"2019-09-12T17:45:51","modified_gmt":"2019-09-12T22:45:51","slug":"con-mi-padre-se-va-la-ultima-esfera-que-ame-natalia-toledo","status":"publish","type":"post","link":"https:\/\/zonaroja.com.mx\/?p=3904","title":{"rendered":"\u201cCon mi padre se va la \u00faltima esfera que am\u00e9\u201d: Natalia Toledo"},"content":{"rendered":"\n<p>Ismael\nGarc\u00eda M.\/Zona Roja.<\/p>\n\n\n\n<p>Oaxaca de\nJu\u00e1rez, Oax., 12 de septiembre de 2019.- A una semana del deceso del pintor\noaxaque\u00f1o Francisco Toledo, una de sus hijas rompi\u00f3 el silencio e hizo p\u00fablico\nsu sentir:<\/p>\n\n\n\n<p>\u201cQueridos\namigos, agradezco las muestras de cari\u00f1o que han tenido conmigo y con mi\nfamilia. Se fue tranquilo, y como \u00e9l lo dijo en una entrevista: \u2018sus cinco\ngalanes continuar\u00e1n con su trabajo\u2019.<\/p>\n\n\n\n<p>\u201cSer\u00e1 la\nforma m\u00e1s bella y justa de honrarlo. Con mi padre se va la \u00faltima esfera que\nam\u00e9\u201d, escribi\u00f3 hoy la poeta Natalia Toledo en su perfil de Facebook.<\/p>\n\n\n\n<p>V\u00edctima de\nuna enfermedad, el pasado jueves por la noche falleci\u00f3 el maestro Toledo,\naltruista, fundador de diversas instituciones culturales, promotor y defensor\nde las causas sociales.<\/p>\n\n\n\n<p>A partir de las 23:30 horas de ese d\u00eda, se mont\u00f3 una especie de altar al originario de Juchit\u00e1n de Zaragoza, en el Instituto de Artes Gr\u00e1ficas de Oaxaca, al que llegaron cientos de personas durante toda la noche y madrugada y en el transcurso del viernes.<\/p>\n\n\n\n<figure class=\"wp-block-image\"><img decoding=\"async\" width=\"698\" height=\"1024\" src=\"http:\/\/www.zonaroja.com.mx\/wp-content\/uploads\/2019\/09\/IMG_7324-698x1024.jpg\" alt=\"\" class=\"wp-image-3905\" srcset=\"https:\/\/zonaroja.com.mx\/wp-content\/uploads\/2019\/09\/IMG_7324-698x1024.jpg 698w, https:\/\/zonaroja.com.mx\/wp-content\/uploads\/2019\/09\/IMG_7324-205x300.jpg 205w, https:\/\/zonaroja.com.mx\/wp-content\/uploads\/2019\/09\/IMG_7324-768x1126.jpg 768w, https:\/\/zonaroja.com.mx\/wp-content\/uploads\/2019\/09\/IMG_7324-585x858.jpg 585w, https:\/\/zonaroja.com.mx\/wp-content\/uploads\/2019\/09\/IMG_7324.jpg 873w\" sizes=\"(max-width: 698px) 100vw, 698px\" \/><\/figure>\n\n\n\n<p>A trav\u00e9s de un\nmensaje de texto, la familia pidi\u00f3 respeto y privacidad para el sepelio del\nartista pl\u00e1stico, acaecido a la edad de 79 a\u00f1os; su cuerpo fue cremado.<\/p>\n\n\n\n<p>Ese 6 de\nagosto por la tarde, el Gobierno del Estado hizo un homenaje de cinco minutos\nen el teatro \u201cMacedonio Alcal\u00e1\u201d de la capital, que caus\u00f3 pol\u00e9mica por los\ngritos y reclamos de la sencilla ceremonia.<\/p>\n\n\n\n<p>M\u00e1s tarde,\nen el IAGO arribaron los cinco hijos &#8211;Natalia, Laureana, Sara, Ger\u00f3nimo y\nBenjam\u00edn&#8211; y Trine Ellitsgaard, esposa de Francisco Toledo, &nbsp;quienes recibieron las condolencias, pero\nhasta ahora no han aceptado ser part\u00edcipes de alg\u00fan reconocimiento p\u00fablico al\nmaestro.<\/p>\n\n\n\n<p>En tanto, el\nPresidente Andr\u00e9s Manuel L\u00f3pez Obrador y los poderes Legislativo federal y\nestatal han rendido homenajes al pintor.<\/p>\n\n\n\n<p>El pasado 17\nde julio, cuando Toledo cumpli\u00f3 79 a\u00f1os de edad, Natalia poste\u00f3 una fotograf\u00eda\ndel a\u00fan joven pintor, con un breve mensaje: 79\u2026 y un coraz\u00f3n.<\/p>\n","protected":false},"excerpt":{"rendered":"<p>Ismael Garc\u00eda M.\/Zona Roja. Oaxaca de Ju\u00e1rez, Oax., 12 de septiembre de 2019.- A una&hellip;<\/p>\n","protected":false},"author":2,"featured_media":3906,"comment_status":"closed","ping_status":"open","sticky":false,"template":"","format":"standard","meta":{"_lmt_disableupdate":"","_lmt_disable":"","_jetpack_memberships_contains_paid_content":false,"footnotes":""},"categories":[109,47],"tags":[701],"class_list":["post-3904","post","type-post","status-publish","format-standard","has-post-thumbnail","hentry","category-minuto-a-minuto","category-zona-gris","tag-natalia-toledo"],"jetpack_featured_media_url":"https:\/\/zonaroja.com.mx\/wp-content\/uploads\/2019\/09\/IMG_7325.jpg","jetpack_sharing_enabled":true,"_links":{"self":[{"href":"https:\/\/zonaroja.com.mx\/index.php?rest_route=\/wp\/v2\/posts\/3904","targetHints":{"allow":["GET"]}}],"collection":[{"href":"https:\/\/zonaroja.com.mx\/index.php?rest_route=\/wp\/v2\/posts"}],"about":[{"href":"https:\/\/zonaroja.com.mx\/index.php?rest_route=\/wp\/v2\/types\/post"}],"author":[{"embeddable":true,"href":"https:\/\/zonaroja.com.mx\/index.php?rest_route=\/wp\/v2\/users\/2"}],"replies":[{"embeddable":true,"href":"https:\/\/zonaroja.com.mx\/index.php?rest_route=%2Fwp%2Fv2%2Fcomments&post=3904"}],"version-history":[{"count":1,"href":"https:\/\/zonaroja.com.mx\/index.php?rest_route=\/wp\/v2\/posts\/3904\/revisions"}],"predecessor-version":[{"id":3907,"href":"https:\/\/zonaroja.com.mx\/index.php?rest_route=\/wp\/v2\/posts\/3904\/revisions\/3907"}],"wp:featuredmedia":[{"embeddable":true,"href":"https:\/\/zonaroja.com.mx\/index.php?rest_route=\/wp\/v2\/media\/3906"}],"wp:attachment":[{"href":"https:\/\/zonaroja.com.mx\/index.php?rest_route=%2Fwp%2Fv2%2Fmedia&parent=3904"}],"wp:term":[{"taxonomy":"category","embeddable":true,"href":"https:\/\/zonaroja.com.mx\/index.php?rest_route=%2Fwp%2Fv2%2Fcategories&post=3904"},{"taxonomy":"post_tag","embeddable":true,"href":"https:\/\/zonaroja.com.mx\/index.php?rest_route=%2Fwp%2Fv2%2Ftags&post=3904"}],"curies":[{"name":"wp","href":"https:\/\/api.w.org\/{rel}","templated":true}]}}