{"id":39041,"date":"2022-03-21T22:11:39","date_gmt":"2022-03-22T04:11:39","guid":{"rendered":"http:\/\/www.zonaroja.com.mx\/?p=39041"},"modified":"2022-03-21T22:11:41","modified_gmt":"2022-03-22T04:11:41","slug":"inicia-oaxaca-en-semaforo-verde-sin-defunciones-y-con-92-contagios","status":"publish","type":"post","link":"https:\/\/zonaroja.com.mx\/?p=39041","title":{"rendered":"Inicia Oaxaca en sem\u00e1foro verde sin defunciones y con 92 contagios"},"content":{"rendered":"\n<p>Redacci\u00f3n\/Zona Roja.<\/p>\n\n\n\n<p>Oaxaca de Ju\u00e1rez, Oax. 21 de marzo de 2022.- Al corte de este lunes, los Servicios de Salud de Oaxaca (SSO) registraron 92 casos nuevos de Covid-19, sumando 119 mil 085 casos acumulados, sin decesos en las \u00faltimas 24 horas, por lo que la cifra de muertes se mantiene en 6 mil 123.<\/p>\n\n\n\n<p>As\u00ed tambi\u00e9n en la entidad hay 66 municipios con un total de 324 casos activos de la enfermedad, de ah\u00ed que la pandemia contin\u00faa siendo un riesgo para la salud de la poblaci\u00f3n.&nbsp;<\/p>\n\n\n\n<p>En este sentido, la instituci\u00f3n exhorta a la poblaci\u00f3n a acudir a vacunarse y aplicarse la dosis de refuerzo, ya que ello disminuye el riesgo de desarrollar un cuadro grave de la patolog\u00eda viral.<\/p>\n\n\n\n<p>Al corte de este 21 de marzo, por Jurisdicci\u00f3n Sanitaria, Valles Centrales acumula 72 mil 773 casos confirmados y 158 activos; Istmo 16 mil 595 confirmados y 97 activos; Tuxtepec ocho mil 861 confirmados y 24 activo; Costa ocho mil 257 confirmados y 27 activos; Mixteca ocho mil 766 confirmados y 14 activos; Sierra tres mil 833 confirmados y cuatro activos.<\/p>\n\n\n\n<p>Los 92 casos nuevos se ubican en 23 municipios de la entidad, siendo el de Oaxaca de Ju\u00e1rez el que ocupa el primer lugar con 38 casos, seguido de Miahuatl\u00e1n de Porfirio D\u00edaz con 16, Santa Cruz Xoxocotl\u00e1n con seis, as\u00ed como Salina Cruz y San Pablo Etla con cuatro cada uno, el resto tres, dos y una notificaci\u00f3n.<\/p>\n\n\n\n<p>De las 6 mil 123 personas que perdieron la vida a causa de esta enfermedad, 3 mil 894 han sido hombres y 2 mil 229 mujeres. Por rango de edad, de 65 y m\u00e1s a\u00f1os se contabilizaron 2 mil 916, de 50 a 59 con mil 253 y de 60 a 64 con 846. Del total, 2 mil 674 corresponden a Valles Centrales, mil 343 al Istmo, 640 de la Mixteca, 613 en Tuxtepec, 509 en la Costa y 344 Sierra.<\/p>\n\n\n\n<p>Este lunes, la red hospitalaria para la atenci\u00f3n de pacientes con Covid-19 en Oaxaca, se encuentra de manera general al 11.3% de ocupaci\u00f3n, ya que durante la \u00faltima jornada se notific\u00f3 un nuevo ingreso, para un total de 44 personas que se encuentran recibiendo atenci\u00f3n especializada.<\/p>\n\n\n\n<p>Tambi\u00e9n se reportaron cuatro hospitales trabajando al 100% de su capacidad, sin embargo, el sector Salud cuenta con 344 camas disponibles de un total de 388 en las seis Jurisdicciones Sanitarias.<\/p>\n\n\n\n<p>(Comunicado)<\/p>\n","protected":false},"excerpt":{"rendered":"<p>Redacci\u00f3n\/Zona Roja. Oaxaca de Ju\u00e1rez, Oax. 21 de marzo de 2022.- Al corte de este&hellip;<\/p>\n","protected":false},"author":2,"featured_media":39042,"comment_status":"closed","ping_status":"open","sticky":false,"template":"","format":"standard","meta":{"_lmt_disableupdate":"","_lmt_disable":"","_jetpack_memberships_contains_paid_content":false,"footnotes":""},"categories":[109,47],"tags":[1512],"class_list":["post-39041","post","type-post","status-publish","format-standard","has-post-thumbnail","hentry","category-minuto-a-minuto","category-zona-gris","tag-coronavirus-oaxaca"],"jetpack_featured_media_url":"https:\/\/zonaroja.com.mx\/wp-content\/uploads\/2022\/03\/Covid-coronavirus-21-marzo.jpg","jetpack_sharing_enabled":true,"_links":{"self":[{"href":"https:\/\/zonaroja.com.mx\/index.php?rest_route=\/wp\/v2\/posts\/39041","targetHints":{"allow":["GET"]}}],"collection":[{"href":"https:\/\/zonaroja.com.mx\/index.php?rest_route=\/wp\/v2\/posts"}],"about":[{"href":"https:\/\/zonaroja.com.mx\/index.php?rest_route=\/wp\/v2\/types\/post"}],"author":[{"embeddable":true,"href":"https:\/\/zonaroja.com.mx\/index.php?rest_route=\/wp\/v2\/users\/2"}],"replies":[{"embeddable":true,"href":"https:\/\/zonaroja.com.mx\/index.php?rest_route=%2Fwp%2Fv2%2Fcomments&post=39041"}],"version-history":[{"count":1,"href":"https:\/\/zonaroja.com.mx\/index.php?rest_route=\/wp\/v2\/posts\/39041\/revisions"}],"predecessor-version":[{"id":39043,"href":"https:\/\/zonaroja.com.mx\/index.php?rest_route=\/wp\/v2\/posts\/39041\/revisions\/39043"}],"wp:featuredmedia":[{"embeddable":true,"href":"https:\/\/zonaroja.com.mx\/index.php?rest_route=\/wp\/v2\/media\/39042"}],"wp:attachment":[{"href":"https:\/\/zonaroja.com.mx\/index.php?rest_route=%2Fwp%2Fv2%2Fmedia&parent=39041"}],"wp:term":[{"taxonomy":"category","embeddable":true,"href":"https:\/\/zonaroja.com.mx\/index.php?rest_route=%2Fwp%2Fv2%2Fcategories&post=39041"},{"taxonomy":"post_tag","embeddable":true,"href":"https:\/\/zonaroja.com.mx\/index.php?rest_route=%2Fwp%2Fv2%2Ftags&post=39041"}],"curies":[{"name":"wp","href":"https:\/\/api.w.org\/{rel}","templated":true}]}}