{"id":39044,"date":"2022-03-22T07:13:00","date_gmt":"2022-03-22T13:13:00","guid":{"rendered":"http:\/\/www.zonaroja.com.mx\/?p=39044"},"modified":"2022-03-21T22:20:00","modified_gmt":"2022-03-22T04:20:00","slug":"velar-por-derechos-de-la-ninez-y-adolescencia-mision-del-poder-judicial","status":"publish","type":"post","link":"https:\/\/zonaroja.com.mx\/?p=39044","title":{"rendered":"Velar por derechos de la ni\u00f1ez y adolescencia, misi\u00f3n del Poder Judicial"},"content":{"rendered":"\n<p>Redacci\u00f3n\/Zona Roja.<\/p>\n\n\n\n<p>Oaxaca de Ju\u00e1rez, Oax., 22 de marzo de 2022.- \u201cUna de las misiones del Poder Judicial del Estado es lograr que las ni\u00f1as, ni\u00f1os y adolescentes habiten en espacios seguros y adecuados para su pleno desarrollo, as\u00ed como&nbsp;velar por sus derechos consagrados en las&nbsp;m\u00e1s&nbsp;altas normas de nuestro sistema jur\u00eddico\u201d,&nbsp;afirm\u00f3 el magistrado presidente Eduardo Pinacho S\u00e1nchez, al participar en la ceremonia de clausura del&nbsp;Diplomado\u201cDerechos de Ni\u00f1as, Ni\u00f1os y Adolescentes en el \u00e1mbito jurisdiccional\u201d.<\/p>\n\n\n\n<p>La actividad acad\u00e9mica,&nbsp;resultado de un&nbsp;trabajo&nbsp;conjunto&nbsp;con&nbsp;la Defensor\u00eda de los Derechos Humanos del Pueblo de Oaxaca (DDHPO) y la Universidad Aut\u00f3noma Benito Ju\u00e1rez de Oaxaca (UABJO),&nbsp;en las&nbsp;actividades de sensibilizaci\u00f3n y formaci\u00f3n de servidores p\u00fablicos judiciales y comunidad jur\u00eddica en general, cerr\u00f3 con una conferencia magistral impartida por&nbsp;la&nbsp;Relatora sobre los Derechos de la Ni\u00f1ez de la Comisi\u00f3n Interamericana de Derechos Humanos (CIDH), Esmeralda&nbsp;Arosamena&nbsp;de&nbsp;Troiti\u00f1o.<\/p>\n\n\n\n<p>En total,&nbsp;127 personas,&nbsp;cerca del 70 por ciento&nbsp;mujeres,&nbsp;entre servidoras y servidores&nbsp;p\u00fablicos, defensores de derechos humanos,&nbsp;acad\u00e9micos y especialistas,&nbsp;durante cuatro meses&nbsp;se actualizaron sobre&nbsp;el acceso efectivo a la justicia desde la perspectiva de derechos humanos, de g\u00e9nero, interculturalidad, en todos los procesos judiciales que se encuentren ni\u00f1as, ni\u00f1os y adolescentes.<\/p>\n\n\n\n<p>En&nbsp;su intervenci\u00f3n, el magistrado Pinacho S\u00e1nchez puntualiz\u00f3 que&nbsp;el diplomado permiti\u00f3 profundizar en los avances jur\u00eddicos en materia de protecci\u00f3n y reconocimiento de los derechos de&nbsp;la ni\u00f1ez y&nbsp;adolescentes&nbsp;para que m\u00e1s all\u00e1 de nuestra legislaci\u00f3n se garantice su salvaguarda en diferentes situaciones de la vida cotidiana.<\/p>\n\n\n\n<p>El Presidente del Tribunal Superior de Justicia y del Consejo de la Judicatura manifest\u00f3 que en este tema &nbsp;no resulta suficiente el dise\u00f1o de pol\u00edticas p\u00fablicas adecuadas, sino&nbsp;que&nbsp;tambi\u00e9n&nbsp;es&nbsp;vital&nbsp;la&nbsp;funci\u00f3n de quienes procuran &nbsp;e imparten justicia, ya que&nbsp;la defensa efectiva en los tribunales de los&nbsp;derechos&nbsp;de este sector vulnerado, contribuye a forjar una sociedad m\u00e1s justa.<\/p>\n\n\n\n<p>En la ceremonia, realizada en la modalidad virtual, intervinieron tambi\u00e9n&nbsp;el defensor de los Derechos Humanos del Pueblo de Oaxaca, Bernardo Rodr\u00edguez Alamilla, quien realiz\u00f3 la&nbsp;declaratoria de&nbsp;clausura del Diplomado y el&nbsp;rector&nbsp;de la UABJO,&nbsp;Eduardo Bautista Mart\u00ednez, as\u00ed como representantes de&nbsp;las&nbsp;y los&nbsp;diplomantes.&nbsp;<\/p>\n\n\n\n<p>Por su parte,&nbsp;la Relatora sobre los Derechos de la Ni\u00f1ez de la Comisi\u00f3n Interamericana de Derechos Humanos (CIDH),&nbsp;felicit\u00f3 la iniciativa de las instituciones para abordar esta tem\u00e1tica con una nueva perspectiva&nbsp;e invit\u00f3 a los participantes a poner en pr\u00e1ctica estos conocimientos. Asimismo, en su ponencia reflexion\u00f3 respecto a&nbsp;la realidad&nbsp;en el orden jur\u00eddico&nbsp;en&nbsp;materia de infancia y las responsabilidades de las autoridades judiciales.<\/p>\n","protected":false},"excerpt":{"rendered":"<p>Redacci\u00f3n\/Zona Roja. Oaxaca de Ju\u00e1rez, Oax., 22 de marzo de 2022.- \u201cUna de las misiones&hellip;<\/p>\n","protected":false},"author":2,"featured_media":39045,"comment_status":"closed","ping_status":"open","sticky":false,"template":"","format":"standard","meta":{"_lmt_disableupdate":"","_lmt_disable":"","_jetpack_memberships_contains_paid_content":false,"footnotes":""},"categories":[109,46],"tags":[223],"class_list":["post-39044","post","type-post","status-publish","format-standard","has-post-thumbnail","hentry","category-minuto-a-minuto","category-zona-blanca","tag-poder-judicial-de-oaxaca"],"jetpack_featured_media_url":"https:\/\/zonaroja.com.mx\/wp-content\/uploads\/2022\/03\/Poder-Judicial-de-Oaxaca.jpg","jetpack_sharing_enabled":true,"_links":{"self":[{"href":"https:\/\/zonaroja.com.mx\/index.php?rest_route=\/wp\/v2\/posts\/39044","targetHints":{"allow":["GET"]}}],"collection":[{"href":"https:\/\/zonaroja.com.mx\/index.php?rest_route=\/wp\/v2\/posts"}],"about":[{"href":"https:\/\/zonaroja.com.mx\/index.php?rest_route=\/wp\/v2\/types\/post"}],"author":[{"embeddable":true,"href":"https:\/\/zonaroja.com.mx\/index.php?rest_route=\/wp\/v2\/users\/2"}],"replies":[{"embeddable":true,"href":"https:\/\/zonaroja.com.mx\/index.php?rest_route=%2Fwp%2Fv2%2Fcomments&post=39044"}],"version-history":[{"count":1,"href":"https:\/\/zonaroja.com.mx\/index.php?rest_route=\/wp\/v2\/posts\/39044\/revisions"}],"predecessor-version":[{"id":39046,"href":"https:\/\/zonaroja.com.mx\/index.php?rest_route=\/wp\/v2\/posts\/39044\/revisions\/39046"}],"wp:featuredmedia":[{"embeddable":true,"href":"https:\/\/zonaroja.com.mx\/index.php?rest_route=\/wp\/v2\/media\/39045"}],"wp:attachment":[{"href":"https:\/\/zonaroja.com.mx\/index.php?rest_route=%2Fwp%2Fv2%2Fmedia&parent=39044"}],"wp:term":[{"taxonomy":"category","embeddable":true,"href":"https:\/\/zonaroja.com.mx\/index.php?rest_route=%2Fwp%2Fv2%2Fcategories&post=39044"},{"taxonomy":"post_tag","embeddable":true,"href":"https:\/\/zonaroja.com.mx\/index.php?rest_route=%2Fwp%2Fv2%2Ftags&post=39044"}],"curies":[{"name":"wp","href":"https:\/\/api.w.org\/{rel}","templated":true}]}}