{"id":39060,"date":"2022-03-22T15:47:40","date_gmt":"2022-03-22T21:47:40","guid":{"rendered":"http:\/\/www.zonaroja.com.mx\/?p=39060"},"modified":"2022-03-22T15:47:42","modified_gmt":"2022-03-22T21:47:42","slug":"y-la-segego-estallan-mas-protestas-en-oaxaca-capital-y-regiones","status":"publish","type":"post","link":"https:\/\/zonaroja.com.mx\/?p=39060","title":{"rendered":"\u00bfY la Segego? Estallan m\u00e1s protestas en Oaxaca capital y regiones"},"content":{"rendered":"\n<p>Yuridiana Sosa\/Zona Roja.<\/p>\n\n\n\n<p>Oaxaca de Ju\u00e1rez, Oax., 22 de marzo de 2022.- El caos se mantiene en Oaxaca por segundo d\u00eda consecutivo de la semana, pero de forma permanente desde hace varas semanas que las manifestaciones no cesan.<\/p>\n\n\n\n<p>Alumnos y docentes de la Universidad del Pueblo se unieron a los reclamos por la desatenci\u00f3n de la Secretar\u00eda General de Gobierno (Segego), quienes este martes se manifestaron para exigir al gobierno de Oaxaca el reconocimiento de su instituci\u00f3n, pues a pesar de cumplir con los requerimientos no cuentan con la debida distinci\u00f3n.<\/p>\n\n\n\n<p>Los afectados marcharon del crucero de la carretera federal 190 y camino al pante\u00f3n \u201cJard\u00edn\u201d, jurisdicci\u00f3n de Santa Luc\u00eda del Camino, con direcci\u00f3n a Ciudad Administrativa, en Tlalixtac de Cabrera, donde \u201ctomaron\u201d los accesos del inmueble gubernamental.<\/p>\n\n\n\n<p>A este mismo punto arribaron pobladores de San Andr\u00e9s Chicahuaxtla, de Putla Villa de Guerrero, para exigir la entrega del 100 por ciento de los recursos del ramo 28 y 33, fondo II y IV.<\/p>\n\n\n\n<figure class=\"wp-block-embed is-type-rich is-provider-twitter wp-block-embed-twitter\"><div class=\"wp-block-embed__wrapper\">\n<div class=\"twitter-tweet\"><blockquote class=\"twitter-tweet\" data-lang=\"es\"><p lang=\"es\" dir=\"ltr\"><a href=\"https:\/\/twitter.com\/hashtag\/%C3%9AltimoMinuto?src=hash&amp;ref_src=twsrc%5Etfw\">#\u00daltimoMinuto<\/a> <br>Integrantes de la autodenominada Universidad del Pueblo de <a href=\"https:\/\/twitter.com\/hashtag\/Oaxaca?src=hash&amp;ref_src=twsrc%5Etfw\">#Oaxaca<\/a> llegan a Ciudad Administrativa, en Tlalixtac de Cabrera; exigen al gobierno reconocimiento a sus instituciones. <a href=\"https:\/\/t.co\/isvIgeC76F\">pic.twitter.com\/isvIgeC76F<\/a><\/p>&mdash; Zona Roja Oaxaca (@ZonaRoja_Oaxaca) <a href=\"https:\/\/twitter.com\/ZonaRoja_Oaxaca\/status\/1506335742934589446?ref_src=twsrc%5Etfw\">22 de marzo de 2022<\/a><\/blockquote><\/div>\n<\/div><\/figure>\n\n\n\n<p>ISTMO IMPARABLE<\/p>\n\n\n\n<p>Habitantes de la de agencia San Antonio Monterrey del municipio de Salina Cruz instalaron un bloqueo en la &nbsp;carretera trans\u00edstmica sobre el tramo carretero Salina Cruz-Tehuantepec para exigir al edil Daniel M\u00e9ndez, de Morena, se respete la elecci\u00f3n de renovaci\u00f3n de las autoridades auxiliares.<br>Los ciudadanos se\u00f1alaron que la S\u00edndico Procuradora y Regidora de Agencias, Barrio y Colonias tratan de \u201cmeter las manos\u201d en el proceso, lo cual solo genera un clima de inestabilidad en la comunidad.<\/p>\n\n\n\n<p>Por lo que demandan que se respete la elecci\u00f3n por usos y costumbres, a mano alzada, con s\u00f3lo la presencia de habitantes dados de alta en el padr\u00f3n de la poblaci\u00f3n, pues las autoridades quer\u00edan que votaran personas dadas de baja.<\/p>\n\n\n\n<figure class=\"wp-block-embed is-type-rich is-provider-twitter wp-block-embed-twitter\"><div class=\"wp-block-embed__wrapper\">\n<div class=\"twitter-tweet\"><blockquote class=\"twitter-tweet\" data-lang=\"es\"><p lang=\"es\" dir=\"ltr\"><a href=\"https:\/\/twitter.com\/hashtag\/%C3%9AltimoMinuto?src=hash&amp;ref_src=twsrc%5Etfw\">#\u00daltimoMinuto<\/a> <br>Tras apoderarse de al menos ocho camiones del transporte de pasajeros, egresados normalistas que buscan ser maestros en <a href=\"https:\/\/twitter.com\/hashtag\/Oaxaca?src=hash&amp;ref_src=twsrc%5Etfw\">#Oaxaca<\/a>, bloquean la calle de Morelos, en cruces viales cercanos a la Plaza de la Danza de la capital. <a href=\"https:\/\/t.co\/cCmN3982rL\">pic.twitter.com\/cCmN3982rL<\/a><\/p>&mdash; Zona Roja Oaxaca (@ZonaRoja_Oaxaca) <a href=\"https:\/\/twitter.com\/ZonaRoja_Oaxaca\/status\/1506275055549960212?ref_src=twsrc%5Etfw\">22 de marzo de 2022<\/a><\/blockquote><\/div>\n<\/div><\/figure>\n\n\n\n<p>EN LA CAPITAL<\/p>\n\n\n\n<p>De nueva cuenta, estudiantes normalistas instalaron m\u00faltiples bloqueos en las calles del centro de la ciudad de Oaxaca, sin que existe alguna autoridad que ponga un alto a las afectaciones constantes contra la ciudadan\u00eda.<\/p>\n\n\n\n<p>El grupo de inconformes retuvo por lo menos ocho unidades del transporte p\u00fablico para bloquear las calles de D\u00edaz Ordaz y Trujano, D\u00edaz Ordaz e Hidalgo, Independencia y Crespo, Morelos, Avenida Ju\u00e1rez, Bravo, Tinoco y Palacios, por supuestamente no ser atendidas sus demandas por el Gobierno de Oaxaca, entre ellas, las de plazas directas de maestros.<\/p>\n\n\n\n<p>Para su manifestaci\u00f3n los normalistas se armaron con llantas, gasolina y palos.<\/p>\n\n\n\n<figure class=\"wp-block-embed is-type-rich is-provider-twitter wp-block-embed-twitter\"><div class=\"wp-block-embed__wrapper\">\n<div class=\"twitter-tweet\"><blockquote class=\"twitter-tweet\" data-lang=\"es\"><p lang=\"es\" dir=\"ltr\">Otro bloqueo carretero se registra en la regi\u00f3n del Istmo.<br>Se trata de habitantes de la agencia San Antonio Monterrey, que exigen al edil morenista de Salina Cruz, <a href=\"https:\/\/twitter.com\/hashtag\/Oaxaca?src=hash&amp;ref_src=twsrc%5Etfw\">#Oaxaca<\/a>, no entrometerse en la elecci\u00f3n de autoridades auxiliares. <a href=\"https:\/\/t.co\/Rrl014mdj9\">pic.twitter.com\/Rrl014mdj9<\/a><\/p>&mdash; Zona Roja Oaxaca (@ZonaRoja_Oaxaca) <a href=\"https:\/\/twitter.com\/ZonaRoja_Oaxaca\/status\/1506301239788642307?ref_src=twsrc%5Etfw\">22 de marzo de 2022<\/a><\/blockquote><\/div>\n<\/div><\/figure>\n\n\n\n<p>CUENCA CONTRA NANCY ORTIZ<\/p>\n\n\n\n<p>Servidores de la Naci\u00f3n de la delegaci\u00f3n Cuenca, con sede en Tuxtepec, se manifiestan por segundo d\u00eda para exigir la presencia de Nancy Ort\u00edz, titular de los programas de Bienestar en Oaxaca, ante diversas irregularidades en su centro de trabajo.<\/p>\n\n\n\n<p>Los trabajadores retuvieron desde este lunes al reci\u00e9n nombrado Director de la delegaci\u00f3n en la Cuenca, Omar Eusebio Blas Pacheco y al Subdelegado Jos\u00e9 Humberto Hern\u00e1ndez Mart\u00ednez; el primero desconocido por los servidores, pues demandan la reinstalaci\u00f3n de Yesenia Barbosa, oriunda de la Cuenca.<\/p>\n\n\n\n<p>Entre otras quejas, expresaron que no han firmado contratos para este 2022, lo cual los mantiene en incertidumbre laboral, as\u00ed como exigen la reincorporaci\u00f3n de compa\u00f1eros despedidos supuestamente de forma injustificada.<\/p>\n","protected":false},"excerpt":{"rendered":"<p>Yuridiana Sosa\/Zona Roja. Oaxaca de Ju\u00e1rez, Oax., 22 de marzo de 2022.- El caos se&hellip;<\/p>\n","protected":false},"author":2,"featured_media":39061,"comment_status":"closed","ping_status":"open","sticky":false,"template":"","format":"standard","meta":{"_lmt_disableupdate":"","_lmt_disable":"","_jetpack_memberships_contains_paid_content":false,"footnotes":""},"categories":[109,47],"tags":[2254],"class_list":["post-39060","post","type-post","status-publish","format-standard","has-post-thumbnail","hentry","category-minuto-a-minuto","category-zona-gris","tag-protestas-y-bloqueos-oaxaca"],"jetpack_featured_media_url":"https:\/\/zonaroja.com.mx\/wp-content\/uploads\/2022\/03\/Protesta-San-Antonio-Monterre-Salina-Cruz.jpg","jetpack_sharing_enabled":true,"_links":{"self":[{"href":"https:\/\/zonaroja.com.mx\/index.php?rest_route=\/wp\/v2\/posts\/39060","targetHints":{"allow":["GET"]}}],"collection":[{"href":"https:\/\/zonaroja.com.mx\/index.php?rest_route=\/wp\/v2\/posts"}],"about":[{"href":"https:\/\/zonaroja.com.mx\/index.php?rest_route=\/wp\/v2\/types\/post"}],"author":[{"embeddable":true,"href":"https:\/\/zonaroja.com.mx\/index.php?rest_route=\/wp\/v2\/users\/2"}],"replies":[{"embeddable":true,"href":"https:\/\/zonaroja.com.mx\/index.php?rest_route=%2Fwp%2Fv2%2Fcomments&post=39060"}],"version-history":[{"count":1,"href":"https:\/\/zonaroja.com.mx\/index.php?rest_route=\/wp\/v2\/posts\/39060\/revisions"}],"predecessor-version":[{"id":39062,"href":"https:\/\/zonaroja.com.mx\/index.php?rest_route=\/wp\/v2\/posts\/39060\/revisions\/39062"}],"wp:featuredmedia":[{"embeddable":true,"href":"https:\/\/zonaroja.com.mx\/index.php?rest_route=\/wp\/v2\/media\/39061"}],"wp:attachment":[{"href":"https:\/\/zonaroja.com.mx\/index.php?rest_route=%2Fwp%2Fv2%2Fmedia&parent=39060"}],"wp:term":[{"taxonomy":"category","embeddable":true,"href":"https:\/\/zonaroja.com.mx\/index.php?rest_route=%2Fwp%2Fv2%2Fcategories&post=39060"},{"taxonomy":"post_tag","embeddable":true,"href":"https:\/\/zonaroja.com.mx\/index.php?rest_route=%2Fwp%2Fv2%2Ftags&post=39060"}],"curies":[{"name":"wp","href":"https:\/\/api.w.org\/{rel}","templated":true}]}}