{"id":39063,"date":"2022-03-22T16:14:56","date_gmt":"2022-03-22T22:14:56","guid":{"rendered":"http:\/\/www.zonaroja.com.mx\/?p=39063"},"modified":"2022-03-22T16:14:58","modified_gmt":"2022-03-22T22:14:58","slug":"asesinan-y-calcinan-a-dos-individuos-en-comunidad-de-chimalapa-oaxaca","status":"publish","type":"post","link":"https:\/\/zonaroja.com.mx\/?p=39063","title":{"rendered":"Asesinan y calcinan a dos individuos en comunidad de Chimalapa, Oaxaca"},"content":{"rendered":"\n<p>Redacci\u00f3n\/Zona Roja.<\/p>\n\n\n\n<p>Oaxaca de Ju\u00e1rez, Oax., 22 de marzo de 2022.- Dos personas del sexo masculino fueron asesinadas y calcinadas en la localidad de La Cofrad\u00eda, Santa Mar\u00eda Chimalapa, en la regi\u00f3n del Istmo de Tehuantepec, Oaxaca.<\/p>\n\n\n\n<p>De acuerdo con los primeros informes, los hechos habr\u00edan ocurrido el pasado s\u00e1bado y se trata de integrantes de un grupo musical, identificados de manera preliminar como Walfred M. M. y Jos\u00e9 J. M., seg\u00fan datos del sitio informativo \u201cBBM Noticias\u201d.<\/p>\n\n\n\n<p>Habr\u00edan sido ultimados y calcinados tras una ri\u00f1a, luego de un baile popular en la comunidad, ubicada en la zona oriente del Istmo.<\/p>\n\n\n\n<p>Por su parte, la Fiscal\u00eda General del Estado de Oaxaca confirm\u00f3 los hechos e inform\u00f3 que dio inicio a la Carpeta de Investigaci\u00f3n 9556\/FIST\/Mat\u00edas\/2022, por los hechos ocurridos el pasado s\u00e1bado 19 de marzo.<\/p>\n\n\n\n<p>Inform\u00f3 que peritos en distintas especialidades as\u00ed como agentes de investigaci\u00f3n recabaron todas las evidencias y contin\u00faan con las indagatorias, para dar con los responsables.<\/p>\n","protected":false},"excerpt":{"rendered":"<p>Redacci\u00f3n\/Zona Roja. Oaxaca de Ju\u00e1rez, Oax., 22 de marzo de 2022.- Dos personas del sexo&hellip;<\/p>\n","protected":false},"author":2,"featured_media":39064,"comment_status":"closed","ping_status":"open","sticky":false,"template":"","format":"standard","meta":{"_lmt_disableupdate":"","_lmt_disable":"","_jetpack_memberships_contains_paid_content":false,"footnotes":""},"categories":[109,51],"tags":[1226],"class_list":["post-39063","post","type-post","status-publish","format-standard","has-post-thumbnail","hentry","category-minuto-a-minuto","category-zona-roja","tag-santa-maria-chimalapa-2"],"jetpack_featured_media_url":"https:\/\/zonaroja.com.mx\/wp-content\/uploads\/2022\/03\/Calcinados-Santa-Maria-Chimalapa.jpeg","jetpack_sharing_enabled":true,"_links":{"self":[{"href":"https:\/\/zonaroja.com.mx\/index.php?rest_route=\/wp\/v2\/posts\/39063","targetHints":{"allow":["GET"]}}],"collection":[{"href":"https:\/\/zonaroja.com.mx\/index.php?rest_route=\/wp\/v2\/posts"}],"about":[{"href":"https:\/\/zonaroja.com.mx\/index.php?rest_route=\/wp\/v2\/types\/post"}],"author":[{"embeddable":true,"href":"https:\/\/zonaroja.com.mx\/index.php?rest_route=\/wp\/v2\/users\/2"}],"replies":[{"embeddable":true,"href":"https:\/\/zonaroja.com.mx\/index.php?rest_route=%2Fwp%2Fv2%2Fcomments&post=39063"}],"version-history":[{"count":1,"href":"https:\/\/zonaroja.com.mx\/index.php?rest_route=\/wp\/v2\/posts\/39063\/revisions"}],"predecessor-version":[{"id":39065,"href":"https:\/\/zonaroja.com.mx\/index.php?rest_route=\/wp\/v2\/posts\/39063\/revisions\/39065"}],"wp:featuredmedia":[{"embeddable":true,"href":"https:\/\/zonaroja.com.mx\/index.php?rest_route=\/wp\/v2\/media\/39064"}],"wp:attachment":[{"href":"https:\/\/zonaroja.com.mx\/index.php?rest_route=%2Fwp%2Fv2%2Fmedia&parent=39063"}],"wp:term":[{"taxonomy":"category","embeddable":true,"href":"https:\/\/zonaroja.com.mx\/index.php?rest_route=%2Fwp%2Fv2%2Fcategories&post=39063"},{"taxonomy":"post_tag","embeddable":true,"href":"https:\/\/zonaroja.com.mx\/index.php?rest_route=%2Fwp%2Fv2%2Ftags&post=39063"}],"curies":[{"name":"wp","href":"https:\/\/api.w.org\/{rel}","templated":true}]}}