{"id":39073,"date":"2022-03-22T22:06:35","date_gmt":"2022-03-23T04:06:35","guid":{"rendered":"http:\/\/www.zonaroja.com.mx\/?p=39073"},"modified":"2022-03-22T22:06:36","modified_gmt":"2022-03-23T04:06:36","slug":"registra-drastico-descenso-el-covid-en-oaxaca-30-contagios-y-1-deceso","status":"publish","type":"post","link":"https:\/\/zonaroja.com.mx\/?p=39073","title":{"rendered":"Registra dr\u00e1stico descenso el Covid en Oaxaca; 30 contagios y 1 deceso"},"content":{"rendered":"\n<p>Redacci\u00f3n\/Zona Roja.<\/p>\n\n\n\n<p>Oaxaca de Ju\u00e1rez, Oax. 22 de marzo de 2022.- Los Servicios de Salud de Oaxaca (SSO), informan que, al corte de este 22 de marzo se han registrado 30 casos nuevos de Covid-19, sumando 119 mil 115 acumulados y una defunci\u00f3n, para un global de seis mil 124 decesos.<\/p>\n\n\n\n<p>Este martes tambi\u00e9n se notificaron 112 mil 718 personas que se han recuperado y hay 273 casos activos ubicados en 58 municipios, de los cuales 123 pertenecen a Valles Centrales, 88 al Istmo, 25 a la Costa, 22 de Tuxtepec, 14 a la Mixteca y uno a la Sierra.<\/p>\n\n\n\n<p>Con relaci\u00f3n al panorama Jurisdiccional, Valles Centrales contabiliz\u00f3 72 mil 798 confirmados y dos mil 675 defunciones; Istmo 16 mil 599 y mil 343 decesos; Tuxtepec ocho mil 862 y 613 muertes; Costa ocho mil 257 y 509 fallecimientos; Mixteca ocho mil 766 y 640 defunciones, Sierra tres mil 833 y 344 p\u00e9rdida de vidas.<\/p>\n\n\n\n<figure class=\"wp-block-embed is-type-rich is-provider-twitter wp-block-embed-twitter\"><div class=\"wp-block-embed__wrapper\">\n<div class=\"twitter-tweet\"><blockquote class=\"twitter-tweet\" data-lang=\"es\"><p lang=\"es\" dir=\"ltr\"><a href=\"https:\/\/twitter.com\/hashtag\/%C3%9AltimoMinuto?src=hash&amp;ref_src=twsrc%5Etfw\">#\u00daltimoMinuto<\/a><br>Tambi\u00e9n en <a href=\"https:\/\/twitter.com\/hashtag\/Oaxaca?src=hash&amp;ref_src=twsrc%5Etfw\">#Oaxaca<\/a> bajan casos de Covid: los <a href=\"https:\/\/twitter.com\/SSO_GobOax?ref_src=twsrc%5Etfw\">@SSO_GobOax<\/a> reportan 30 casos positivos, 1 defunci\u00f3n y 273 casos activos.<br>Suman 119 mil 115 casos confirmados y 6 mil 124 decesos.<br>Hay 4 nosocomios saturados; al 10.1% la ocupaci\u00f3n hospitalaria. <a href=\"https:\/\/t.co\/4LZr9i4emy\">pic.twitter.com\/4LZr9i4emy<\/a><\/p>&mdash; Zona Roja Oaxaca (@ZonaRoja_Oaxaca) <a href=\"https:\/\/twitter.com\/ZonaRoja_Oaxaca\/status\/1506473177689563137?ref_src=twsrc%5Etfw\">23 de marzo de 2022<\/a><\/blockquote><\/div>\n<\/div><\/figure>\n\n\n\n<p>Los 30 casos nuevos identificados en esta jornada afectan a 13 municipios, de los cuales 14 corresponden a Oaxaca de Ju\u00e1rez, tres a Salina Cruz e igual n\u00famero en San Pablo Etla. El resto una notificaci\u00f3n cada uno.<\/p>\n\n\n\n<p>La red hospitalaria para la atenci\u00f3n a la Covid-19 se encuentran a la fecha 89.9% de disponibilidad, con cuatro hospitales al 100%; hay 39 pacientes hospitalizados, uno de ellos es de nuevo ingreso. Por zona geogr\u00e1fica, la Jurisdicci\u00f3n Sanitaria de Valles Centrales registr\u00f3 un 12.4% de ocupaci\u00f3n m\u00e9dica, Istmo 3.8%, Tuxtepec 3.1%, Costa 5.5%, Mixteca 33.3% y Sierra 0%.<\/p>\n\n\n\n<p>La dependencia reiter\u00f3 a la poblaci\u00f3n que es necesario mantener las medidas b\u00e1sicas de prevenci\u00f3n: sana distancia, lavado frecuente de manos con agua y jab\u00f3n o aplicaci\u00f3n de alcohol-gel, as\u00ed como uso correcto de cubrebocas, ventilaci\u00f3n en espacios cerrados y mantener precauciones en espacios p\u00fablicos, a fin de contribuir a la baja de contagios.&nbsp;<\/p>\n","protected":false},"excerpt":{"rendered":"<p>Redacci\u00f3n\/Zona Roja. Oaxaca de Ju\u00e1rez, Oax. 22 de marzo de 2022.- Los Servicios de Salud&hellip;<\/p>\n","protected":false},"author":2,"featured_media":39074,"comment_status":"closed","ping_status":"open","sticky":false,"template":"","format":"standard","meta":{"_lmt_disableupdate":"","_lmt_disable":"","_jetpack_memberships_contains_paid_content":false,"footnotes":""},"categories":[109,47],"tags":[1512],"class_list":["post-39073","post","type-post","status-publish","format-standard","has-post-thumbnail","hentry","category-minuto-a-minuto","category-zona-gris","tag-coronavirus-oaxaca"],"jetpack_featured_media_url":"https:\/\/zonaroja.com.mx\/wp-content\/uploads\/2022\/03\/Covid-martes-22-de-marzo.jpg","jetpack_sharing_enabled":true,"_links":{"self":[{"href":"https:\/\/zonaroja.com.mx\/index.php?rest_route=\/wp\/v2\/posts\/39073","targetHints":{"allow":["GET"]}}],"collection":[{"href":"https:\/\/zonaroja.com.mx\/index.php?rest_route=\/wp\/v2\/posts"}],"about":[{"href":"https:\/\/zonaroja.com.mx\/index.php?rest_route=\/wp\/v2\/types\/post"}],"author":[{"embeddable":true,"href":"https:\/\/zonaroja.com.mx\/index.php?rest_route=\/wp\/v2\/users\/2"}],"replies":[{"embeddable":true,"href":"https:\/\/zonaroja.com.mx\/index.php?rest_route=%2Fwp%2Fv2%2Fcomments&post=39073"}],"version-history":[{"count":1,"href":"https:\/\/zonaroja.com.mx\/index.php?rest_route=\/wp\/v2\/posts\/39073\/revisions"}],"predecessor-version":[{"id":39075,"href":"https:\/\/zonaroja.com.mx\/index.php?rest_route=\/wp\/v2\/posts\/39073\/revisions\/39075"}],"wp:featuredmedia":[{"embeddable":true,"href":"https:\/\/zonaroja.com.mx\/index.php?rest_route=\/wp\/v2\/media\/39074"}],"wp:attachment":[{"href":"https:\/\/zonaroja.com.mx\/index.php?rest_route=%2Fwp%2Fv2%2Fmedia&parent=39073"}],"wp:term":[{"taxonomy":"category","embeddable":true,"href":"https:\/\/zonaroja.com.mx\/index.php?rest_route=%2Fwp%2Fv2%2Fcategories&post=39073"},{"taxonomy":"post_tag","embeddable":true,"href":"https:\/\/zonaroja.com.mx\/index.php?rest_route=%2Fwp%2Fv2%2Ftags&post=39073"}],"curies":[{"name":"wp","href":"https:\/\/api.w.org\/{rel}","templated":true}]}}