{"id":39076,"date":"2022-03-23T07:27:30","date_gmt":"2022-03-23T13:27:30","guid":{"rendered":"http:\/\/www.zonaroja.com.mx\/?p=39076"},"modified":"2022-03-23T07:27:32","modified_gmt":"2022-03-23T13:27:32","slug":"ejecutan-a-otros-dos-en-el-istmo-ahora-en-tehuantepec-y-en-matias","status":"publish","type":"post","link":"https:\/\/zonaroja.com.mx\/?p=39076","title":{"rendered":"Ejecutan a otros dos en el Istmo, ahora en Tehuantepec y en Mat\u00edas"},"content":{"rendered":"\n<p>Redacci\u00f3n\/Zona Roja.<\/p>\n\n\n\n<p>Oaxaca de Ju\u00e1rez, Oax., 23 de marzo de 2022.- Luego de que se diera a conocer el asesinato y calcinamiento de dos personas en Santa Mar\u00eda Chimalapa, anoche fueron ejecutadas otras dos personas en la regi\u00f3n del Istmo de Tehuantepec.<\/p>\n\n\n\n<p>En el municipio de Mat\u00edas Romero Avenda\u00f1o, cerca de la media noche de ayer fue ultimado a balazos un individuo, identificado como V\u00edctor R., de 34 a\u00f1os de edad e integrante de la comunidad de la diversidad sexual.<\/p>\n\n\n\n<p>Los hechos sucedieron alrededor de las 23:30 horas en la calle Hombres Ilustres de la cabecera municipal, y pese a lo cual no hab\u00eda polic\u00edas municipales en la zona para realizar la b\u00fasqueda inmediata del o de los agresores armados.<\/p>\n\n\n\n<p>Mientras que en Santo Domingo Tehuantepec, tambi\u00e9n anoche fue ultimado por disparos de arma de fuego un individuo identificado como Antonio C., de 25 a\u00f1os de edad.<\/p>\n\n\n\n<p>Fue atacado en la carretera que comunica a Tehuantepec con Santa Mar\u00eda Mixtequilla, a la altura del entronque a la colonia El Jordan; fue acribillado en el interior de su veh\u00edculo cuando transitaba por esa zona.<\/p>\n\n\n\n<p>Hasta el momento las autoridades ministeriales no han reportado personas detenidas por estos casos.<\/p>\n","protected":false},"excerpt":{"rendered":"<p>Redacci\u00f3n\/Zona Roja. Oaxaca de Ju\u00e1rez, Oax., 23 de marzo de 2022.- Luego de que se&hellip;<\/p>\n","protected":false},"author":2,"featured_media":7486,"comment_status":"closed","ping_status":"open","sticky":false,"template":"","format":"standard","meta":{"_lmt_disableupdate":"","_lmt_disable":"","_jetpack_memberships_contains_paid_content":false,"footnotes":""},"categories":[109,51],"tags":[228,125],"class_list":["post-39076","post","type-post","status-publish","format-standard","has-post-thumbnail","hentry","category-minuto-a-minuto","category-zona-roja","tag-matias-romero-avendano","tag-santo-domingo-tehuantepec"],"jetpack_featured_media_url":"https:\/\/zonaroja.com.mx\/wp-content\/uploads\/2020\/01\/Escena-del-crimen7.jpg","jetpack_sharing_enabled":true,"_links":{"self":[{"href":"https:\/\/zonaroja.com.mx\/index.php?rest_route=\/wp\/v2\/posts\/39076","targetHints":{"allow":["GET"]}}],"collection":[{"href":"https:\/\/zonaroja.com.mx\/index.php?rest_route=\/wp\/v2\/posts"}],"about":[{"href":"https:\/\/zonaroja.com.mx\/index.php?rest_route=\/wp\/v2\/types\/post"}],"author":[{"embeddable":true,"href":"https:\/\/zonaroja.com.mx\/index.php?rest_route=\/wp\/v2\/users\/2"}],"replies":[{"embeddable":true,"href":"https:\/\/zonaroja.com.mx\/index.php?rest_route=%2Fwp%2Fv2%2Fcomments&post=39076"}],"version-history":[{"count":1,"href":"https:\/\/zonaroja.com.mx\/index.php?rest_route=\/wp\/v2\/posts\/39076\/revisions"}],"predecessor-version":[{"id":39077,"href":"https:\/\/zonaroja.com.mx\/index.php?rest_route=\/wp\/v2\/posts\/39076\/revisions\/39077"}],"wp:featuredmedia":[{"embeddable":true,"href":"https:\/\/zonaroja.com.mx\/index.php?rest_route=\/wp\/v2\/media\/7486"}],"wp:attachment":[{"href":"https:\/\/zonaroja.com.mx\/index.php?rest_route=%2Fwp%2Fv2%2Fmedia&parent=39076"}],"wp:term":[{"taxonomy":"category","embeddable":true,"href":"https:\/\/zonaroja.com.mx\/index.php?rest_route=%2Fwp%2Fv2%2Fcategories&post=39076"},{"taxonomy":"post_tag","embeddable":true,"href":"https:\/\/zonaroja.com.mx\/index.php?rest_route=%2Fwp%2Fv2%2Ftags&post=39076"}],"curies":[{"name":"wp","href":"https:\/\/api.w.org\/{rel}","templated":true}]}}