{"id":3908,"date":"2019-09-12T19:17:41","date_gmt":"2019-09-13T00:17:41","guid":{"rendered":"http:\/\/www.zonaroja.com.mx\/?p=3908"},"modified":"2019-09-12T19:17:43","modified_gmt":"2019-09-13T00:17:43","slug":"van-dos-menores-de-edad-que-mueren-por-dengue-en-oaxaca","status":"publish","type":"post","link":"https:\/\/zonaroja.com.mx\/?p=3908","title":{"rendered":"Van dos menores de edad que mueren por dengue en Oaxaca"},"content":{"rendered":"\n<p>Redacci\u00f3n\/Zona\nRoja.<\/p>\n\n\n\n<p>Oaxaca de\nJu\u00e1rez, Oax. 12 de septiembre de 2019.- Dos menores de edad han fallecido este\na\u00f1o en Oaxaca a causa del dengue, confirm\u00f3 la dependencia Servicios de Salud de\nOaxaca. <\/p>\n\n\n\n<p>En un\ncomunicado, inform\u00f3 que \u201cexiste un repunte en casos de dengue no s\u00f3lo en Oaxaca,\nsino en todo el territorio mexicano\u201d.<\/p>\n\n\n\n<p>Se\u00f1al\u00f3 que\nen a la fecha en la entidad se han reportado un total de 847 casos de esta\nenfermedad confirmados por laboratorio, de los cuales 597 son dengue no grave,\n211 con signos de alarma y 39 casos de dengue grave.<\/p>\n\n\n\n<p>Un mejor de\nedad falleci\u00f3 en el municipio de Santa Mar\u00eda Huatulco; de acuerdo con el\nreporte a la semana epidemiol\u00f3gica n\u00famero 36, es el segundo caso reportado\nen&nbsp; lo que va del a\u00f1o.<\/p>\n\n\n\n<p>El primero\nse notific\u00f3 el pasado 29 de julio del presente a\u00f1o en la localidad de Uni\u00f3n\nHidalgo, un paciente de cinco a\u00f1os de sexo masculino.<\/p>\n\n\n\n<p>La\ndependencia de Salud del Gobierno del Estado expuso que la prevenci\u00f3n y el\ncontrol de las enfermedades trasmitidas por vector comienzan con las medidas\neficaces que se realicen desde cada hogar, lugar de trabajo y colonia, por lo\nque solicit\u00f3 la participaci\u00f3n&nbsp; de todas y\ntodos los oaxaque\u00f1os para eliminar los criaderos de mosquito.<\/p>\n\n\n\n<p>Las lluvias\naumentan los riesgos, ante lo cual subray\u00f3 la importancia de realizar la inspecci\u00f3n\ndiaria de las viviendas, dentro y fuera de ella, mediante la eliminaci\u00f3n de\npotenciales criaderos de mosquitos, sobre todo,&nbsp;\nen los jardines y azoteas.<\/p>\n\n\n\n<p>Detall\u00f3 que por\nindicaciones del mandatario Alejandro Murat Hinojosa, se han instalado 43\nferias de la Salud, en beneficio de 34 mil 400 habitantes, donde se informa y\ncapacita a la poblaci\u00f3n sobre los riesgos de esta enfermedad; adem\u00e1s de\nacciones de nebulizaci\u00f3n y termonebulizaci\u00f3n al 100% en planteles educativos de\n20 localidades prioritarias.<\/p>\n","protected":false},"excerpt":{"rendered":"<p>Redacci\u00f3n\/Zona Roja. Oaxaca de Ju\u00e1rez, Oax. 12 de septiembre de 2019.- Dos menores de edad&hellip;<\/p>\n","protected":false},"author":2,"featured_media":3909,"comment_status":"closed","ping_status":"open","sticky":false,"template":"","format":"standard","meta":{"_lmt_disableupdate":"","_lmt_disable":"","_jetpack_memberships_contains_paid_content":false,"footnotes":""},"categories":[109,47],"tags":[238],"class_list":["post-3908","post","type-post","status-publish","format-standard","has-post-thumbnail","hentry","category-minuto-a-minuto","category-zona-gris","tag-servicios-de-salud-de-oaxaca"],"jetpack_featured_media_url":"https:\/\/zonaroja.com.mx\/wp-content\/uploads\/2019\/09\/SSO-03.jpg","jetpack_sharing_enabled":true,"_links":{"self":[{"href":"https:\/\/zonaroja.com.mx\/index.php?rest_route=\/wp\/v2\/posts\/3908","targetHints":{"allow":["GET"]}}],"collection":[{"href":"https:\/\/zonaroja.com.mx\/index.php?rest_route=\/wp\/v2\/posts"}],"about":[{"href":"https:\/\/zonaroja.com.mx\/index.php?rest_route=\/wp\/v2\/types\/post"}],"author":[{"embeddable":true,"href":"https:\/\/zonaroja.com.mx\/index.php?rest_route=\/wp\/v2\/users\/2"}],"replies":[{"embeddable":true,"href":"https:\/\/zonaroja.com.mx\/index.php?rest_route=%2Fwp%2Fv2%2Fcomments&post=3908"}],"version-history":[{"count":1,"href":"https:\/\/zonaroja.com.mx\/index.php?rest_route=\/wp\/v2\/posts\/3908\/revisions"}],"predecessor-version":[{"id":3910,"href":"https:\/\/zonaroja.com.mx\/index.php?rest_route=\/wp\/v2\/posts\/3908\/revisions\/3910"}],"wp:featuredmedia":[{"embeddable":true,"href":"https:\/\/zonaroja.com.mx\/index.php?rest_route=\/wp\/v2\/media\/3909"}],"wp:attachment":[{"href":"https:\/\/zonaroja.com.mx\/index.php?rest_route=%2Fwp%2Fv2%2Fmedia&parent=3908"}],"wp:term":[{"taxonomy":"category","embeddable":true,"href":"https:\/\/zonaroja.com.mx\/index.php?rest_route=%2Fwp%2Fv2%2Fcategories&post=3908"},{"taxonomy":"post_tag","embeddable":true,"href":"https:\/\/zonaroja.com.mx\/index.php?rest_route=%2Fwp%2Fv2%2Ftags&post=3908"}],"curies":[{"name":"wp","href":"https:\/\/api.w.org\/{rel}","templated":true}]}}