{"id":39081,"date":"2022-03-23T11:09:00","date_gmt":"2022-03-23T17:09:00","guid":{"rendered":"http:\/\/www.zonaroja.com.mx\/?p=39081"},"modified":"2022-03-23T08:10:44","modified_gmt":"2022-03-23T14:10:44","slug":"reconocen-lucha-incansable-de-soledad-jarquin-en-busqueda-de-justicia-por-feminicidio","status":"publish","type":"post","link":"https:\/\/zonaroja.com.mx\/?p=39081","title":{"rendered":"Reconocen lucha incansable de Soledad Jarqu\u00edn en b\u00fasqueda de justicia por feminicidio"},"content":{"rendered":"\n<p>Yuridiana Sosa\/Zona Roja.<\/p>\n\n\n\n<p>Oaxaca de Ju\u00e1rez, Oax., 22 de marzo de 2022.- La periodista y activista Soledad Jarqu\u00edn Edgar recibi\u00f3 el reconocimiento \u201cSiempre por ellas\u201d por el Grupo de Acci\u00f3n por los Derechos Humanos y la Justicia Social, por su incansable lucha en busca de justicia por el feminicidio de su hija Mar\u00eda del Sol Cruz Jarqu\u00edn, ocurrida en Juchit\u00e1n, Oaxaca en junio de 2018.<\/p>\n\n\n\n<p>Frente a otras madres tambi\u00e9n v\u00edctimas del feminicidio, Soledad Jarqu\u00edn \u2014con los ojos llenos de l\u00e1grimas\u2014 expres\u00f3 la tristeza que le genera ser reconocida como una \u201cmam\u00e1 que sufre mucho\u201d por la ausencia de su hija, una vida arrebatada por la que debe mantenerse de pie para seguir en el camino de la justicia, pero el cual no atraviesa sola y por eso agradeci\u00f3 el acompa\u00f1amiento de m\u00e1s mujeres, defensoras y activistas.<\/p>\n\n\n\n<p>\u201cNo tengo muchas alternativas (de justicia) en este pa\u00eds, en Oaxaca\u201d, sostuvo la periodista ante los diferentes atropellos que se han cometido en las investigaciones del caso de Mar\u00eda del Sol, en el que ahora, agreg\u00f3, se comete otro grave delito, el de la impunidad por parte de la Fiscal\u00eda General de Oaxaca y de otras instancias involucradas.<\/p>\n\n\n\n<p>Por eso, apunt\u00f3, no cesar\u00e1 en su reclamo al gobernador de Oaxaca, Alejandro Murat, por su falta de capacidad humana de entender lo que es perder una hija, lo que significa \u201cque te despides unos d\u00edas antes con la esperanza de que volver\u00e1 y no sucede\u201d.<\/p>\n\n\n\n<p>La periodista y activista asegur\u00f3 que pese a ese complicado escenario, en el que adem\u00e1s las autoridades no quieren que las madres sigan nombrando a sus hijas, ellas seguiremos al pie del ca\u00f1\u00f3n.<\/p>\n\n\n\n<p>&nbsp;\u201cQue ser\u00e1 dif\u00edcil, que no nos la van a devolver, que nos pueden meter a la c\u00e1rcel, pero quiz\u00e1 un d\u00eda este pa\u00eds ya no sea como el que estamos viviendo. Queremos que nuestras hijas salgan a la calle y que vengan a casa, que tengan un trabajo digno y vuelvan a casa, que tengan una pareja que las respete y nunca les ponga una mano encima\u201d.<\/p>\n\n\n\n<p>En la tercera edici\u00f3n del reconocimiento \u201cSiempre por ellas\u201d tambi\u00e9n estuvo presente las se\u00f1oras Irinea Buend\u00eda y Lidia Florencio quienes a partir del feminicidio de sus hijas tambi\u00e9n han emprendido una lucha por la justicia y han alzado la voz contra la impunidad.<\/p>\n\n\n\n<p>Tambi\u00e9n estuvieron Carolina Ram\u00edrez y Carmen Anchez sobrevivientes de feminicidio, quienes han mostrado su sororidad con m\u00e1s mujeres<\/p>\n","protected":false},"excerpt":{"rendered":"<p>Yuridiana Sosa\/Zona Roja. Oaxaca de Ju\u00e1rez, Oax., 22 de marzo de 2022.- La periodista y&hellip;<\/p>\n","protected":false},"author":2,"featured_media":39082,"comment_status":"closed","ping_status":"open","sticky":false,"template":"","format":"standard","meta":{"_lmt_disableupdate":"","_lmt_disable":"","_jetpack_memberships_contains_paid_content":false,"footnotes":""},"categories":[109,46],"tags":[1105],"class_list":["post-39081","post","type-post","status-publish","format-standard","has-post-thumbnail","hentry","category-minuto-a-minuto","category-zona-blanca","tag-soledad-jarquin-edgar"],"jetpack_featured_media_url":"https:\/\/zonaroja.com.mx\/wp-content\/uploads\/2022\/03\/Soledad-Jarquin-reconocimiento.jpg","jetpack_sharing_enabled":true,"_links":{"self":[{"href":"https:\/\/zonaroja.com.mx\/index.php?rest_route=\/wp\/v2\/posts\/39081","targetHints":{"allow":["GET"]}}],"collection":[{"href":"https:\/\/zonaroja.com.mx\/index.php?rest_route=\/wp\/v2\/posts"}],"about":[{"href":"https:\/\/zonaroja.com.mx\/index.php?rest_route=\/wp\/v2\/types\/post"}],"author":[{"embeddable":true,"href":"https:\/\/zonaroja.com.mx\/index.php?rest_route=\/wp\/v2\/users\/2"}],"replies":[{"embeddable":true,"href":"https:\/\/zonaroja.com.mx\/index.php?rest_route=%2Fwp%2Fv2%2Fcomments&post=39081"}],"version-history":[{"count":1,"href":"https:\/\/zonaroja.com.mx\/index.php?rest_route=\/wp\/v2\/posts\/39081\/revisions"}],"predecessor-version":[{"id":39083,"href":"https:\/\/zonaroja.com.mx\/index.php?rest_route=\/wp\/v2\/posts\/39081\/revisions\/39083"}],"wp:featuredmedia":[{"embeddable":true,"href":"https:\/\/zonaroja.com.mx\/index.php?rest_route=\/wp\/v2\/media\/39082"}],"wp:attachment":[{"href":"https:\/\/zonaroja.com.mx\/index.php?rest_route=%2Fwp%2Fv2%2Fmedia&parent=39081"}],"wp:term":[{"taxonomy":"category","embeddable":true,"href":"https:\/\/zonaroja.com.mx\/index.php?rest_route=%2Fwp%2Fv2%2Fcategories&post=39081"},{"taxonomy":"post_tag","embeddable":true,"href":"https:\/\/zonaroja.com.mx\/index.php?rest_route=%2Fwp%2Fv2%2Ftags&post=39081"}],"curies":[{"name":"wp","href":"https:\/\/api.w.org\/{rel}","templated":true}]}}