{"id":39084,"date":"2022-03-23T08:29:06","date_gmt":"2022-03-23T14:29:06","guid":{"rendered":"http:\/\/www.zonaroja.com.mx\/?p=39084"},"modified":"2022-03-23T08:29:08","modified_gmt":"2022-03-23T14:29:08","slug":"dos-periodistas-de-oaxaca-denuncian-amenazas-en-su-contra","status":"publish","type":"post","link":"https:\/\/zonaroja.com.mx\/?p=39084","title":{"rendered":"Dos periodistas de Oaxaca denuncian amenazas en su contra"},"content":{"rendered":"\n<p>Redacci\u00f3n\/Zona Roja.<\/p>\n\n\n\n<p>Oaxaca de Ju\u00e1rez., Oax., 23 de marzo de 2022.- Dos periodistas del estado de Oaxaca presentaron, por separado, denuncias ante la Fiscal\u00eda General del Estado por probables amenazas y ataques a la libertad de prensa.<\/p>\n\n\n\n<p>El primer caso es el de Sof\u00eda Valdivia Mart\u00ednez, quien acus\u00f3 hostigamiento, amenazas, violencia de g\u00e9nero y digital en contra de quien o qui\u00e9nes resulten responsables. Presumiblemente ser\u00eda del equipo de campa\u00f1a del candidato Inocente Castellanos.<\/p>\n\n\n\n<p>Ante ello, la Fiscal\u00eda General del Estado abri\u00f3 la Carpeta de Investigaci\u00f3n n\u00famero 9774\/VIGE\/UELE\/2022.<\/p>\n\n\n\n<p>Otro caso es el del comunicador Macedonio Villalobos Gallegos, del portal \u201cNuevo Xhunco\u201d, Santo Domingo Tehuantepec, quien present\u00f3 su denuncia ante la Vicefiscal\u00eda Regional del Istmo, por amenazas en su contra.<\/p>\n\n\n\n<p>Presuntamente Raciel Cabrera, secretario T\u00e9cnico y esposo de la presidenta municipal Vilma Mart\u00ednez, lo amenaz\u00f3 de muerte, por cr\u00edticas a la administraci\u00f3n municipal,<\/p>\n\n\n\n<p>\u201cQue no me metiera con \u00e9l ni con su familia y que me iba a pegar un balazo e iba matar a mis hijas y a mi esposa, porque ya sabe d\u00f3nde vivo, y yo le dije que si no quiere que opinen de \u00e9l y de su esposa que se retire de la pol\u00edtica, ya que son personas p\u00fablica y siempre la ciudadan\u00eda va a opinar al respecto ya sea bien o mal\u201d, detall\u00f3 el comunicador en su denuncia.<\/p>\n","protected":false},"excerpt":{"rendered":"<p>Redacci\u00f3n\/Zona Roja. Oaxaca de Ju\u00e1rez., Oax., 23 de marzo de 2022.- Dos periodistas del estado&hellip;<\/p>\n","protected":false},"author":2,"featured_media":39085,"comment_status":"closed","ping_status":"open","sticky":false,"template":"","format":"standard","meta":{"_lmt_disableupdate":"","_lmt_disable":"","_jetpack_memberships_contains_paid_content":false,"footnotes":""},"categories":[109,47],"tags":[1396],"class_list":["post-39084","post","type-post","status-publish","format-standard","has-post-thumbnail","hentry","category-minuto-a-minuto","category-zona-gris","tag-agresion-a-periodistas-oaxaca"],"jetpack_featured_media_url":"https:\/\/zonaroja.com.mx\/wp-content\/uploads\/2022\/03\/Denuncias-periodistas.jpg","jetpack_sharing_enabled":true,"_links":{"self":[{"href":"https:\/\/zonaroja.com.mx\/index.php?rest_route=\/wp\/v2\/posts\/39084","targetHints":{"allow":["GET"]}}],"collection":[{"href":"https:\/\/zonaroja.com.mx\/index.php?rest_route=\/wp\/v2\/posts"}],"about":[{"href":"https:\/\/zonaroja.com.mx\/index.php?rest_route=\/wp\/v2\/types\/post"}],"author":[{"embeddable":true,"href":"https:\/\/zonaroja.com.mx\/index.php?rest_route=\/wp\/v2\/users\/2"}],"replies":[{"embeddable":true,"href":"https:\/\/zonaroja.com.mx\/index.php?rest_route=%2Fwp%2Fv2%2Fcomments&post=39084"}],"version-history":[{"count":1,"href":"https:\/\/zonaroja.com.mx\/index.php?rest_route=\/wp\/v2\/posts\/39084\/revisions"}],"predecessor-version":[{"id":39086,"href":"https:\/\/zonaroja.com.mx\/index.php?rest_route=\/wp\/v2\/posts\/39084\/revisions\/39086"}],"wp:featuredmedia":[{"embeddable":true,"href":"https:\/\/zonaroja.com.mx\/index.php?rest_route=\/wp\/v2\/media\/39085"}],"wp:attachment":[{"href":"https:\/\/zonaroja.com.mx\/index.php?rest_route=%2Fwp%2Fv2%2Fmedia&parent=39084"}],"wp:term":[{"taxonomy":"category","embeddable":true,"href":"https:\/\/zonaroja.com.mx\/index.php?rest_route=%2Fwp%2Fv2%2Fcategories&post=39084"},{"taxonomy":"post_tag","embeddable":true,"href":"https:\/\/zonaroja.com.mx\/index.php?rest_route=%2Fwp%2Fv2%2Ftags&post=39084"}],"curies":[{"name":"wp","href":"https:\/\/api.w.org\/{rel}","templated":true}]}}