{"id":39087,"date":"2022-03-23T08:41:11","date_gmt":"2022-03-23T14:41:11","guid":{"rendered":"http:\/\/www.zonaroja.com.mx\/?p=39087"},"modified":"2022-03-23T08:41:13","modified_gmt":"2022-03-23T14:41:13","slug":"siguen-las-acusaciones-mutuas-entre-organizaciones-triquis-la-segego-calla","status":"publish","type":"post","link":"https:\/\/zonaroja.com.mx\/?p=39087","title":{"rendered":"Siguen las acusaciones mutuas entre organizaciones triquis; la Segego calla"},"content":{"rendered":"\n<p>Ismael Garc\u00eda M.\/Zona Roja.<\/p>\n\n\n\n<p>Oaxaca de Ju\u00e1rez, Oax., 23 de marzo de 2022.- Las acusaciones medi\u00e1ticas de las organizaciones sociales con influencia en la zona Triqui de Oaxaca, contin\u00faan, sin que la Secretar\u00eda General de Gobierno intervenga.<\/p>\n\n\n\n<p>A ello se sum\u00f3 anoche el incendio de un paraje boscoso en Yosoyuxi Copala, Santiago Juxtlahuaca, del cual se culpan ambas partes.<\/p>\n\n\n\n<p>Habitantes y una supuesta Asamblea Comunitaria de Tierra Blanca Copala, adherida al MULT, denunci\u00f3 a Macario Garc\u00eda Merino y Horacio Garc\u00eda, militantes del Movimiento de Unificaci\u00f3n y Lucha Triqui Independiente (MULTI) por continuar generando violencia en la zona.<\/p>\n\n\n\n<p>\u201cEl se\u00f1or Macario Garc\u00eda Merino ha sido se\u00f1alado de formar parte en los diversos asesinatos y ni siquiera le han girado alguna orden de aprensi\u00f3n, \u00bfpor qu\u00e9? porque forma parte de la misma mafia; la que lo financia para encubrir su maldad\u201d, se\u00f1al\u00f3 la Asamblea en un comunicado.<\/p>\n\n\n\n<p>\u201cA los compa\u00f1eros del MULT les pedimos est\u00e9n atentos y los deslindamos de cualquier acto de violencia ante los inventos, mentiras y calumnias de Macario y Horacio. Solo los nazis utilizan la mentira para tapar sus fechor\u00edas. \u00a1Viva la Cuarta Transformaci\u00f3n de la Rep\u00fablica!\u201d, se\u00f1alaron.<\/p>\n\n\n\n<p>Por su parte, el MULTI y desplazados de Tierra Blanca Copala, Juxtlahuaca, emitieron su comunicado, en que denunci\u00f3 ataques del MULT a Yosoyuxi Copala.<\/p>\n\n\n\n<p>\u201cSolicitamos intervenci\u00f3n inmediata del gobierno federal y estatal para combatir los incendios a la brevedad posible, as\u00ed mismo para evitar un nuevo caso de desplazamiento forzado\u201d, dijo.<\/p>\n\n\n\n<p>Expuso que el 21 de marzo del 2022, iniciaron una serie de detonaciones en contra de la comunidad de Yosoyuxi Copala, basti\u00f3n del MULTI&nbsp; y lugar en donde se encuentran refugiados los desplazados de Tierra Blanca Copala. \u201cDespu\u00e9s de mas de 24 horas de asedio y de detonaciones en contra de la comunidad, hace unos minutos han encendido fuego alrededor de la comunidad, poniendo en un mayor riesgo a la poblaci\u00f3n que ah\u00ed se encuentra\u201d, detall\u00f3.<\/p>\n\n\n\n<p>\u201cCon esto, el grupo paramilitar del MULT ha demostrado que no esta a favor de la paz que tanto vocifera a los cuatro vientos, pues mientras nosotros hemos demostrado la disposici\u00f3n al di\u00e1logo y a la paz, no con palabras sino con hechos, ellos buscan cualquier oportunidad para obstaculizar el proceso que se ha construido\u201d.&nbsp;<\/p>\n","protected":false},"excerpt":{"rendered":"<p>Ismael Garc\u00eda M.\/Zona Roja. Oaxaca de Ju\u00e1rez, Oax., 23 de marzo de 2022.- Las acusaciones&hellip;<\/p>\n","protected":false},"author":2,"featured_media":39088,"comment_status":"closed","ping_status":"open","sticky":false,"template":"","format":"standard","meta":{"_lmt_disableupdate":"","_lmt_disable":"","_jetpack_memberships_contains_paid_content":false,"footnotes":""},"categories":[109,47],"tags":[1712],"class_list":["post-39087","post","type-post","status-publish","format-standard","has-post-thumbnail","hentry","category-minuto-a-minuto","category-zona-gris","tag-tierra-blanca-copala"],"jetpack_featured_media_url":"https:\/\/zonaroja.com.mx\/wp-content\/uploads\/2022\/03\/Desplegados-MULT-y-MULTI.jpg","jetpack_sharing_enabled":true,"_links":{"self":[{"href":"https:\/\/zonaroja.com.mx\/index.php?rest_route=\/wp\/v2\/posts\/39087","targetHints":{"allow":["GET"]}}],"collection":[{"href":"https:\/\/zonaroja.com.mx\/index.php?rest_route=\/wp\/v2\/posts"}],"about":[{"href":"https:\/\/zonaroja.com.mx\/index.php?rest_route=\/wp\/v2\/types\/post"}],"author":[{"embeddable":true,"href":"https:\/\/zonaroja.com.mx\/index.php?rest_route=\/wp\/v2\/users\/2"}],"replies":[{"embeddable":true,"href":"https:\/\/zonaroja.com.mx\/index.php?rest_route=%2Fwp%2Fv2%2Fcomments&post=39087"}],"version-history":[{"count":1,"href":"https:\/\/zonaroja.com.mx\/index.php?rest_route=\/wp\/v2\/posts\/39087\/revisions"}],"predecessor-version":[{"id":39089,"href":"https:\/\/zonaroja.com.mx\/index.php?rest_route=\/wp\/v2\/posts\/39087\/revisions\/39089"}],"wp:featuredmedia":[{"embeddable":true,"href":"https:\/\/zonaroja.com.mx\/index.php?rest_route=\/wp\/v2\/media\/39088"}],"wp:attachment":[{"href":"https:\/\/zonaroja.com.mx\/index.php?rest_route=%2Fwp%2Fv2%2Fmedia&parent=39087"}],"wp:term":[{"taxonomy":"category","embeddable":true,"href":"https:\/\/zonaroja.com.mx\/index.php?rest_route=%2Fwp%2Fv2%2Fcategories&post=39087"},{"taxonomy":"post_tag","embeddable":true,"href":"https:\/\/zonaroja.com.mx\/index.php?rest_route=%2Fwp%2Fv2%2Ftags&post=39087"}],"curies":[{"name":"wp","href":"https:\/\/api.w.org\/{rel}","templated":true}]}}