{"id":39090,"date":"2022-03-23T15:42:07","date_gmt":"2022-03-23T21:42:07","guid":{"rendered":"http:\/\/www.zonaroja.com.mx\/?p=39090"},"modified":"2022-03-23T15:46:10","modified_gmt":"2022-03-23T21:46:10","slug":"famosos-lanzan-campana-contra-tramo-del-tren-maya-que-destruira-sistema-de-rios","status":"publish","type":"post","link":"https:\/\/zonaroja.com.mx\/?p=39090","title":{"rendered":"Famosos lanzan campa\u00f1a contra tramo del Tren Maya que destruir\u00e1 sistema de r\u00edos"},"content":{"rendered":"\n<p>Redacci\u00f3n\/Zona Roja Cdmx.<\/p>\n\n\n\n<p>Ciudad de M\u00e9xico, 23 de marzo de 2022.- En marco del D\u00eda Mundial del Agua se lanz\u00f3 la campa\u00f1a #S\u00e9lvamedeltren, que est\u00e1 en contra del m\u00e1s reciente cambio en la ruta del Tren Maya, que construye el gobierno de Andr\u00e9s Manuel L\u00f3pez Obrador.<\/p>\n\n\n\n<p>En un video, varias personas del medio del espect\u00e1culo, como Eugenio Derbez, Kate del Castillo, Omar Chaparro, Sa\u00fal Hern\u00e1ndez, B\u00e1rbara Mori, entre otros, explican que la nueva ruta del proyecto de AMLO destruir\u00e1 el sistema de r\u00edos subterr\u00e1neos m\u00e1s grande del mundo y adem\u00e1s la flora y fauna de la regi\u00f3n desaparecer\u00e1.<\/p>\n\n\n\n<p>Hace un mes la obra insignia de AMLO cambi\u00f3 el tramo cinco del Tren Maya. Este va de Tulum a Canc\u00fan. La modificaci\u00f3n no se consult\u00f3 con especialistas para establecer el impacto ambiental.<\/p>\n\n\n\n<p>El video de la campa\u00f1a inicia cuando el comediante Eugenio Derbez afirma que el Tren Maya est\u00e1 destruyendo el patrimonio natural.<\/p>\n\n\n\n<p>Al mismo tiempo, la cantautora Natalia Lafurcade dijo que se le est\u00e1 quitando su hogar a miles de animales nativos.<\/p>\n\n\n\n<p>\u2018\u2019Estamos en contra de que el Tren Maya tenga que pasar por una zona protegida\u2019&#8217;, sentenci\u00f3 Sa\u00fal Hern\u00e1ndez, vocalista de \u201cCaifanes\u201d.<\/p>\n\n\n\n<p>Otras personas del medio art\u00edstico que apoyan la campa\u00f1a son: Fabiola Campomanes, Azela Robinson, Ofelia Medina, Arao Bethke, Jero Medina, Gretel Vald\u00e9s y Roc\u00edo Verdejo.<\/p>\n\n\n\n<p>(Informaci\u00f3n de \u201cEl Financiero\u201d)<\/p>\n","protected":false},"excerpt":{"rendered":"<p>Redacci\u00f3n\/Zona Roja Cdmx. Ciudad de M\u00e9xico, 23 de marzo de 2022.- En marco del D\u00eda&hellip;<\/p>\n","protected":false},"author":2,"featured_media":39091,"comment_status":"closed","ping_status":"open","sticky":false,"template":"","format":"standard","meta":{"_lmt_disableupdate":"","_lmt_disable":"","_jetpack_memberships_contains_paid_content":false,"footnotes":""},"categories":[109,46],"tags":[3080],"class_list":["post-39090","post","type-post","status-publish","format-standard","has-post-thumbnail","hentry","category-minuto-a-minuto","category-zona-blanca","tag-proyecto-tren-maya"],"jetpack_featured_media_url":"https:\/\/zonaroja.com.mx\/wp-content\/uploads\/2022\/03\/Artistas-contra-el-Tren-Maya.jpeg","jetpack_sharing_enabled":true,"_links":{"self":[{"href":"https:\/\/zonaroja.com.mx\/index.php?rest_route=\/wp\/v2\/posts\/39090","targetHints":{"allow":["GET"]}}],"collection":[{"href":"https:\/\/zonaroja.com.mx\/index.php?rest_route=\/wp\/v2\/posts"}],"about":[{"href":"https:\/\/zonaroja.com.mx\/index.php?rest_route=\/wp\/v2\/types\/post"}],"author":[{"embeddable":true,"href":"https:\/\/zonaroja.com.mx\/index.php?rest_route=\/wp\/v2\/users\/2"}],"replies":[{"embeddable":true,"href":"https:\/\/zonaroja.com.mx\/index.php?rest_route=%2Fwp%2Fv2%2Fcomments&post=39090"}],"version-history":[{"count":2,"href":"https:\/\/zonaroja.com.mx\/index.php?rest_route=\/wp\/v2\/posts\/39090\/revisions"}],"predecessor-version":[{"id":39093,"href":"https:\/\/zonaroja.com.mx\/index.php?rest_route=\/wp\/v2\/posts\/39090\/revisions\/39093"}],"wp:featuredmedia":[{"embeddable":true,"href":"https:\/\/zonaroja.com.mx\/index.php?rest_route=\/wp\/v2\/media\/39091"}],"wp:attachment":[{"href":"https:\/\/zonaroja.com.mx\/index.php?rest_route=%2Fwp%2Fv2%2Fmedia&parent=39090"}],"wp:term":[{"taxonomy":"category","embeddable":true,"href":"https:\/\/zonaroja.com.mx\/index.php?rest_route=%2Fwp%2Fv2%2Fcategories&post=39090"},{"taxonomy":"post_tag","embeddable":true,"href":"https:\/\/zonaroja.com.mx\/index.php?rest_route=%2Fwp%2Fv2%2Ftags&post=39090"}],"curies":[{"name":"wp","href":"https:\/\/api.w.org\/{rel}","templated":true}]}}