{"id":39094,"date":"2022-03-23T16:01:56","date_gmt":"2022-03-23T22:01:56","guid":{"rendered":"http:\/\/www.zonaroja.com.mx\/?p=39094"},"modified":"2022-03-23T16:01:57","modified_gmt":"2022-03-23T22:01:57","slug":"aumentan-escuelas-que-regresan-a-clases-presenciales-en-la-uabjo","status":"publish","type":"post","link":"https:\/\/zonaroja.com.mx\/?p=39094","title":{"rendered":"Aumentan escuelas que regresan a clases presenciales en la UABJO"},"content":{"rendered":"\n<p>Yuridiana Sosa\/Zona Roja.<\/p>\n\n\n\n<p>Oaxaca de Ju\u00e1rez, Oax., 23 de marzo de 2022.- Con estricto apego a las medidas sanitarias, m\u00e1s escuelas y facultades de la Universidad Aut\u00f3noma \u201cBenito Ju\u00e1rez\u201d de Oaxaca han retornado a las actividades acad\u00e9micas y laborales de forma presencial, tras dos a\u00f1os de pandemia por Covid-19.<\/p>\n\n\n\n<p>El rector de la m\u00e1xima casa de estudios de Oaxaca, Eduardo Bautista Mart\u00ednez, encabez\u00f3 el acto protocolario del regreso a clases desde la Preparatoria 3 de la UABJO, con sede en Huajuapan de Le\u00f3n, en la regi\u00f3n Mixteca.<\/p>\n\n\n\n<p>Durante esta actividad, celebr\u00f3 la certificaci\u00f3n ISO -9001-2015 como resultado de la Auditor\u00eda Externa para esta instituci\u00f3n, entregada por parte del director de la escuela, Armando Mart\u00ednez Gonz\u00e1lez, y en presencia de la plantilla educativa, docente y personal administrativo.<\/p>\n\n\n\n<p>A la par, tambi\u00e9n regresaron a la ense\u00f1anza presencial estudiantes y docentes de la Preparatoria 6 y Preparatoria 7, Facultades de Arquitectura en Ciudad Universitaria; Ciencias Qu\u00edmicas y Enfermer\u00eda y Obstetricia, quienes reanudaron actividades en sus aulas y espacios abiertos.<\/p>\n\n\n\n<p>La UABJO inform\u00f3 que los mecanismos del regreso forman parte de los lineamientos establecidos por instancias de salud gubernamentales y universitarias como lo es la Comisi\u00f3n T\u00e9cnica de Medidas de Salud (CTMS).<\/p>\n\n\n\n<p>En el caso del nivel medio superior, la toma de decisiones tambi\u00e9n estuvo avalada por el Consejo T\u00e9cnico, as\u00ed como por padres y madres de familia.<\/p>\n\n\n\n<p>Entre las principales acciones de prevenci\u00f3n contra el covid-19 dentro de los planteles educativos se determin\u00f3 el uso obligatorio de mascarilla, lavado de manos con jab\u00f3n, evitar tocarse la nariz, boca y ojos; evitar contactos cercanos como conversaciones cara a cara, as\u00ed como desinfecci\u00f3n al ingreso de los centros educativos.<\/p>\n\n\n\n<figure class=\"wp-block-image size-full\"><a href=\"http:\/\/www.zonaroja.com.mx\/wp-content\/uploads\/2022\/03\/Clases-UABJO-presenciales.jpeg\" data-rel=\"penci-gallery-image-content\" ><img decoding=\"async\" width=\"1024\" height=\"682\" src=\"http:\/\/www.zonaroja.com.mx\/wp-content\/uploads\/2022\/03\/Clases-UABJO-presenciales.jpeg\" alt=\"\" class=\"wp-image-39096\" srcset=\"https:\/\/zonaroja.com.mx\/wp-content\/uploads\/2022\/03\/Clases-UABJO-presenciales.jpeg 1024w, https:\/\/zonaroja.com.mx\/wp-content\/uploads\/2022\/03\/Clases-UABJO-presenciales-300x200.jpeg 300w, https:\/\/zonaroja.com.mx\/wp-content\/uploads\/2022\/03\/Clases-UABJO-presenciales-768x512.jpeg 768w, https:\/\/zonaroja.com.mx\/wp-content\/uploads\/2022\/03\/Clases-UABJO-presenciales-585x390.jpeg 585w, https:\/\/zonaroja.com.mx\/wp-content\/uploads\/2022\/03\/Clases-UABJO-presenciales-263x175.jpeg 263w\" sizes=\"(max-width: 1024px) 100vw, 1024px\" \/><\/a><\/figure>\n","protected":false},"excerpt":{"rendered":"<p>Yuridiana Sosa\/Zona Roja. Oaxaca de Ju\u00e1rez, Oax., 23 de marzo de 2022.- Con estricto apego&hellip;<\/p>\n","protected":false},"author":2,"featured_media":39095,"comment_status":"closed","ping_status":"open","sticky":false,"template":"","format":"standard","meta":{"_lmt_disableupdate":"","_lmt_disable":"","_jetpack_memberships_contains_paid_content":false,"footnotes":""},"categories":[109,46],"tags":[239],"class_list":["post-39094","post","type-post","status-publish","format-standard","has-post-thumbnail","hentry","category-minuto-a-minuto","category-zona-blanca","tag-uabjo"],"jetpack_featured_media_url":"https:\/\/zonaroja.com.mx\/wp-content\/uploads\/2022\/03\/Clases-presenciales-UABJO.jpeg","jetpack_sharing_enabled":true,"_links":{"self":[{"href":"https:\/\/zonaroja.com.mx\/index.php?rest_route=\/wp\/v2\/posts\/39094","targetHints":{"allow":["GET"]}}],"collection":[{"href":"https:\/\/zonaroja.com.mx\/index.php?rest_route=\/wp\/v2\/posts"}],"about":[{"href":"https:\/\/zonaroja.com.mx\/index.php?rest_route=\/wp\/v2\/types\/post"}],"author":[{"embeddable":true,"href":"https:\/\/zonaroja.com.mx\/index.php?rest_route=\/wp\/v2\/users\/2"}],"replies":[{"embeddable":true,"href":"https:\/\/zonaroja.com.mx\/index.php?rest_route=%2Fwp%2Fv2%2Fcomments&post=39094"}],"version-history":[{"count":1,"href":"https:\/\/zonaroja.com.mx\/index.php?rest_route=\/wp\/v2\/posts\/39094\/revisions"}],"predecessor-version":[{"id":39097,"href":"https:\/\/zonaroja.com.mx\/index.php?rest_route=\/wp\/v2\/posts\/39094\/revisions\/39097"}],"wp:featuredmedia":[{"embeddable":true,"href":"https:\/\/zonaroja.com.mx\/index.php?rest_route=\/wp\/v2\/media\/39095"}],"wp:attachment":[{"href":"https:\/\/zonaroja.com.mx\/index.php?rest_route=%2Fwp%2Fv2%2Fmedia&parent=39094"}],"wp:term":[{"taxonomy":"category","embeddable":true,"href":"https:\/\/zonaroja.com.mx\/index.php?rest_route=%2Fwp%2Fv2%2Fcategories&post=39094"},{"taxonomy":"post_tag","embeddable":true,"href":"https:\/\/zonaroja.com.mx\/index.php?rest_route=%2Fwp%2Fv2%2Ftags&post=39094"}],"curies":[{"name":"wp","href":"https:\/\/api.w.org\/{rel}","templated":true}]}}