{"id":39098,"date":"2022-03-23T16:08:11","date_gmt":"2022-03-23T22:08:11","guid":{"rendered":"http:\/\/www.zonaroja.com.mx\/?p=39098"},"modified":"2022-03-23T16:08:12","modified_gmt":"2022-03-23T22:08:12","slug":"opinion-el-estado-y-el-asesinato-de-periodistas","status":"publish","type":"post","link":"https:\/\/zonaroja.com.mx\/?p=39098","title":{"rendered":"Opini\u00f3n. El Estado y el asesinato de periodistas"},"content":{"rendered":"\n<p>Gibr\u00e1n Ram\u00edrez Reyes<\/p>\n\n\n\n<p>Armando Linares, periodista recientemente asesinado, hab\u00eda se\u00f1alado directamente al alcalde de Zit\u00e1cuaro, Juan Antonio Ixtl\u00e1huac, del PRI, de amenazarlo sobre atentar contra su vida y la de Roberto Toledo; por el asesinato de Heber L\u00f3pez, en Salina Cruz, se detuvo al hermano de una ex agente municipal emanada de Morena; Lourdes Maldonado denunci\u00f3 a Jaime Bonilla \u2014ex gobernador de Baja California\u2014 ante el Presidente de la Rep\u00fablica y fue asesinada un d\u00eda antes de que se tuviera que requisar una empresa que era propiedad de \u00e9l.&nbsp;<\/p>\n\n\n\n<p>Hay una constante en estos asesinatos y es que, en cada caso, los periodistas asesinados han pedido expl\u00edcitamente ser cuidados de las lindes del Estado, en los \u00e1mbitos estatal o municipal.&nbsp;<\/p>\n\n\n\n<p>Y, en efecto, es el Estado: hay dirigentes que hacen candidatos a operadores delincuenciales, gobiernos que se hacen de la vista gorda, polic\u00edas cooptadas, fiscal\u00edas criminales.&nbsp;<\/p>\n\n\n\n<p>El Estado no est\u00e1 hace rato ordenado y regido de arriba hacia abajo, desde el poder Ejecutivo Federal. Por eso, al decir que es el Estado, no se culpa al Presidente de la Rep\u00fablica, sino a quienes viviendo entre la legalidad y la ilegalidad, sirviendo a la econom\u00eda criminal desde la funci\u00f3n p\u00fablica, estiman que conservar cierta respetabilidad, cierta fama p\u00fablica de decencia, bien vale unos balazos \u2014a diferencia de los criminales que abrazan la \u00e9pica o el sistema de reconocimiento de la ilegalidad y el crimen organizado y que, por su posici\u00f3n, no quieren ni necesitan fama de decentes.&nbsp;<\/p>\n\n\n\n<p>Decir que no fue el Estado limita, desde la tribuna presidencial que muchos asumen como fuente de instrucciones, las l\u00edneas de investigaci\u00f3n, pero adem\u00e1s da pie a un mal entendimiento del estado mexicano de hoy, que es quiz\u00e1 una de las causas de su impotencia.&nbsp;<\/p>\n\n\n\n<p>Fue el Estado, pero un Estado que ya no tiene el control de los aparatos que tuvo en los 70, que no puede gobernar gobernadores, presidentes municipales, agentes de la violencia privatizada&nbsp;ni a una econom\u00eda informal e ilegal en que la desigualdad fundamental se da entre quien puede procurarse las armas y dinero para preservar la vida en un mar de extorsiones y quien no puede.&nbsp;<\/p>\n\n\n\n<p>El Presidente diciendo que no fue el Estado es la imagen viva de un Estado extra\u00f1ado de s\u00ed mismo, como llama Claudio Lomnitz al hecho de que lo ordinario se viva como algo raro, extra\u00f1o y asustador.&nbsp;<\/p>\n\n\n\n<p>Lo normal, desde 2006, es el crecimiento de grupos que ejercen la violencia de modo privado y se relacionan con quienes, dentro del estado, tienen armas y recursos para concretar y proteger sus actividades, lo que deriva en redes de colusi\u00f3n que se sienten seguras bajo la frase de \u201cno fue el Estado\u201d, como la fiscal\u00eda de Michoac\u00e1n, herencia de Silvano Aureoles \u2014una de tantas fiscal\u00edas corruptas, criminales, controlada pol\u00edticamente por el ex gobernador que pretendi\u00f3, al gestionar el nombramiento, asegurarse una protecci\u00f3n transexenal. <\/p>\n\n\n\n<p>Se ha dicho tambi\u00e9n que Armando Linares no acept\u00f3 la protecci\u00f3n federal. M\u00e1s que exculpar al Estado esto deber\u00eda cuestionar la estrategia de protecci\u00f3n \u00bfno es m\u00e1s bien sobre los agentes del estado que suelen perpetrar asesinatos que deber\u00eda posarse el ojo?\u00a0 Si tuviera que establecerse protecci\u00f3n sobre cada v\u00edctima potencial, ninguna polic\u00eda ser\u00eda suficiente.\u00a0<\/p>\n\n\n\n<p>*Doctor en Ciencia Pol\u00edtica por la UNAM.<\/p>\n\n\n\n<p>@gibranrr<\/p>\n","protected":false},"excerpt":{"rendered":"<p>Gibr\u00e1n Ram\u00edrez Reyes Armando Linares, periodista recientemente asesinado, hab\u00eda se\u00f1alado directamente al alcalde de Zit\u00e1cuaro,&hellip;<\/p>\n","protected":false},"author":2,"featured_media":24099,"comment_status":"closed","ping_status":"open","sticky":false,"template":"","format":"standard","meta":{"_lmt_disableupdate":"","_lmt_disable":"","_jetpack_memberships_contains_paid_content":false,"footnotes":""},"categories":[456,109],"tags":[],"class_list":["post-39098","post","type-post","status-publish","format-standard","has-post-thumbnail","hentry","category-columna","category-minuto-a-minuto"],"jetpack_featured_media_url":"https:\/\/zonaroja.com.mx\/wp-content\/uploads\/2021\/02\/Gibran-Ramirez-Reyes.jpg","jetpack_sharing_enabled":true,"_links":{"self":[{"href":"https:\/\/zonaroja.com.mx\/index.php?rest_route=\/wp\/v2\/posts\/39098","targetHints":{"allow":["GET"]}}],"collection":[{"href":"https:\/\/zonaroja.com.mx\/index.php?rest_route=\/wp\/v2\/posts"}],"about":[{"href":"https:\/\/zonaroja.com.mx\/index.php?rest_route=\/wp\/v2\/types\/post"}],"author":[{"embeddable":true,"href":"https:\/\/zonaroja.com.mx\/index.php?rest_route=\/wp\/v2\/users\/2"}],"replies":[{"embeddable":true,"href":"https:\/\/zonaroja.com.mx\/index.php?rest_route=%2Fwp%2Fv2%2Fcomments&post=39098"}],"version-history":[{"count":1,"href":"https:\/\/zonaroja.com.mx\/index.php?rest_route=\/wp\/v2\/posts\/39098\/revisions"}],"predecessor-version":[{"id":39099,"href":"https:\/\/zonaroja.com.mx\/index.php?rest_route=\/wp\/v2\/posts\/39098\/revisions\/39099"}],"wp:featuredmedia":[{"embeddable":true,"href":"https:\/\/zonaroja.com.mx\/index.php?rest_route=\/wp\/v2\/media\/24099"}],"wp:attachment":[{"href":"https:\/\/zonaroja.com.mx\/index.php?rest_route=%2Fwp%2Fv2%2Fmedia&parent=39098"}],"wp:term":[{"taxonomy":"category","embeddable":true,"href":"https:\/\/zonaroja.com.mx\/index.php?rest_route=%2Fwp%2Fv2%2Fcategories&post=39098"},{"taxonomy":"post_tag","embeddable":true,"href":"https:\/\/zonaroja.com.mx\/index.php?rest_route=%2Fwp%2Fv2%2Ftags&post=39098"}],"curies":[{"name":"wp","href":"https:\/\/api.w.org\/{rel}","templated":true}]}}