{"id":39100,"date":"2022-03-23T19:34:13","date_gmt":"2022-03-24T01:34:13","guid":{"rendered":"http:\/\/www.zonaroja.com.mx\/?p=39100"},"modified":"2022-03-23T19:34:15","modified_gmt":"2022-03-24T01:34:15","slug":"no-nos-cansaremos-de-buscarte-padre-de-joven-desaparecido-hace-dos-meses","status":"publish","type":"post","link":"https:\/\/zonaroja.com.mx\/?p=39100","title":{"rendered":"\u201cNo nos cansaremos de buscarte\u201d: padre de joven desaparecido hace dos meses"},"content":{"rendered":"\n<p>Yuridiana Sosa\/Zona Roja.<\/p>\n\n\n\n<p>Oaxaca de Ju\u00e1rez, Oax., 23 de marzo de 2022.-A dos meses de la desaparici\u00f3n de Jes\u00fas Alejandro Gonz\u00e1lez G\u00f3mez, sus familiares exigieron la intervenci\u00f3n de los titulares de los gobiernos municipal, estatal de Oaxaca y federal.<\/p>\n\n\n\n<p>\u201cHijo, te estamos esperando, no nos cansaremos de buscarte\u201d, \u201cChucho te queremos\u201d, \u201cPresidente Andr\u00e9s Manuel L.O. Ay\u00fadame a encontrar a mi hijo\u201d, son los mensajes que lanza la familia y amigos de Jes\u00fas, a trav\u00e9s de lonas con sus fotograf\u00edas.<\/p>\n\n\n\n<p>Este mi\u00e9rcoles, en v\u00edsperas de cumplirse dos meses de su desaparici\u00f3n, se efectu\u00f3 una marcha y conferencia de prensa para denunciar la lenta respuesta de las autoridades de justicia para atender la b\u00fasqueda.<\/p>\n\n\n\n<p>Jes\u00fas Alejandro fue visto por \u00faltima vez en la gasolinera \u201cFaja de oro\u201d en la colonia Adolfo L\u00f3pez Mateos de la agencia de Santa Rosa Panzacola de Oaxaca de Ju\u00e1rez, el pasado 24 de enero de este a\u00f1o.<\/p>\n\n\n\n<p>Frente a esa estaci\u00f3n, en un puente peatonal, su familia recientemente tambi\u00e9n colg\u00f3 una lona dedicada a la b\u00fasqueda del hombre de 36 a\u00f1os de edad y de oficio chofer de mototaxi. \u201cHijo no est\u00e1s solo, te sigo buscando\u201d, dice el mensaje.<\/p>\n\n\n\n<p>La v\u00edctima habitualmente dejaba de laborar a las 22:30 horas, y de forma inmediata se dirig\u00eda a su hogar, pero el d\u00eda de su desaparici\u00f3n ya no regres\u00f3 de su jornada laboral.<\/p>\n","protected":false},"excerpt":{"rendered":"<p>Yuridiana Sosa\/Zona Roja. Oaxaca de Ju\u00e1rez, Oax., 23 de marzo de 2022.-A dos meses de&hellip;<\/p>\n","protected":false},"author":2,"featured_media":39101,"comment_status":"closed","ping_status":"open","sticky":false,"template":"","format":"standard","meta":{"_lmt_disableupdate":"","_lmt_disable":"","_jetpack_memberships_contains_paid_content":false,"footnotes":""},"categories":[109,47],"tags":[3081],"class_list":["post-39100","post","type-post","status-publish","format-standard","has-post-thumbnail","hentry","category-minuto-a-minuto","category-zona-gris","tag-jesus-alejandro-gonzalez-gomez"],"jetpack_featured_media_url":"https:\/\/zonaroja.com.mx\/wp-content\/uploads\/2022\/03\/Busqueda-de-Jesus-Alejandro-Gomez.jpg","jetpack_sharing_enabled":true,"_links":{"self":[{"href":"https:\/\/zonaroja.com.mx\/index.php?rest_route=\/wp\/v2\/posts\/39100","targetHints":{"allow":["GET"]}}],"collection":[{"href":"https:\/\/zonaroja.com.mx\/index.php?rest_route=\/wp\/v2\/posts"}],"about":[{"href":"https:\/\/zonaroja.com.mx\/index.php?rest_route=\/wp\/v2\/types\/post"}],"author":[{"embeddable":true,"href":"https:\/\/zonaroja.com.mx\/index.php?rest_route=\/wp\/v2\/users\/2"}],"replies":[{"embeddable":true,"href":"https:\/\/zonaroja.com.mx\/index.php?rest_route=%2Fwp%2Fv2%2Fcomments&post=39100"}],"version-history":[{"count":1,"href":"https:\/\/zonaroja.com.mx\/index.php?rest_route=\/wp\/v2\/posts\/39100\/revisions"}],"predecessor-version":[{"id":39102,"href":"https:\/\/zonaroja.com.mx\/index.php?rest_route=\/wp\/v2\/posts\/39100\/revisions\/39102"}],"wp:featuredmedia":[{"embeddable":true,"href":"https:\/\/zonaroja.com.mx\/index.php?rest_route=\/wp\/v2\/media\/39101"}],"wp:attachment":[{"href":"https:\/\/zonaroja.com.mx\/index.php?rest_route=%2Fwp%2Fv2%2Fmedia&parent=39100"}],"wp:term":[{"taxonomy":"category","embeddable":true,"href":"https:\/\/zonaroja.com.mx\/index.php?rest_route=%2Fwp%2Fv2%2Fcategories&post=39100"},{"taxonomy":"post_tag","embeddable":true,"href":"https:\/\/zonaroja.com.mx\/index.php?rest_route=%2Fwp%2Fv2%2Ftags&post=39100"}],"curies":[{"name":"wp","href":"https:\/\/api.w.org\/{rel}","templated":true}]}}