{"id":39109,"date":"2022-03-23T21:59:26","date_gmt":"2022-03-24T03:59:26","guid":{"rendered":"http:\/\/www.zonaroja.com.mx\/?p=39109"},"modified":"2022-03-23T21:59:28","modified_gmt":"2022-03-24T03:59:28","slug":"normalistas-ahora-delinquen-en-la-capital-protestas-por-doquier-en-oaxaca","status":"publish","type":"post","link":"https:\/\/zonaroja.com.mx\/?p=39109","title":{"rendered":"Normalistas ahora delinquen en la capital; protestas, por doquier en Oaxaca"},"content":{"rendered":"\n<p>Yuridiana Sosa\/Zona Roja.<\/p>\n\n\n\n<p>Oaxaca de Ju\u00e1rez, Oax., 23 de marzo de 2022.- Las manifestaciones en Oaxaca no dan tregua, la mayor\u00eda de estas frente a las ineficaces atenciones de la Secretar\u00eda General de Gobierno (Seego), tambi\u00e9n reh\u00e9n de las inconformidades en su propia casa.<\/p>\n\n\n\n<p>Integrantes de la Coordinadora Estudiantil Normalista del Estado de Oaxaca (CENEO), que supuestamente exigen plazas como maestros, sitiaron la capital del estado con el uso de camiones urbanos retenidos.<\/p>\n\n\n\n<p>As\u00ed tambi\u00e9n se report\u00f3 la retenci\u00f3n de camiones repartidores de diferentes productos a los que despojaron de sus mercanc\u00edas, lo que gener\u00f3 a\u00fan m\u00e1s la irritaci\u00f3n de la ciudadan\u00eda por estos actos de vandalismo.<\/p>\n\n\n\n<p>Los cierres se registraron en las calles de Independencia, Crespo, Trujano, Hidalgo, Morelos, D\u00edaz Ordaz, avenida Ju\u00e1rez, Abasolo, Allende, Aranda y Pino Su\u00e1rez.\u00a0<\/p>\n\n\n\n<figure class=\"wp-block-embed is-type-rich is-provider-twitter wp-block-embed-twitter\"><div class=\"wp-block-embed__wrapper\">\n<div class=\"twitter-tweet\"><blockquote class=\"twitter-tweet\" data-lang=\"es\"><p lang=\"es\" dir=\"ltr\"><a href=\"https:\/\/twitter.com\/hashtag\/%C3%9AltimoMinuto?src=hash&amp;ref_src=twsrc%5Etfw\">#\u00daltimoMinuto<\/a> <br>Ahora los egresados normalistas se dedican a delinquir.<br>Desde esta tarde se han apoderado de varios camiones de mercanc\u00edas en el centro de la ciudad de <a href=\"https:\/\/twitter.com\/hashtag\/Oaxaca?src=hash&amp;ref_src=twsrc%5Etfw\">#Oaxaca<\/a>, mismos que saquean; adem\u00e1s, contin\u00faan los bloqueos en el centro de la capital. <a href=\"https:\/\/t.co\/DyxUlfyFgP\">pic.twitter.com\/DyxUlfyFgP<\/a><\/p>&mdash; Zona Roja Oaxaca (@ZonaRoja_Oaxaca) <a href=\"https:\/\/twitter.com\/ZonaRoja_Oaxaca\/status\/1506774721030987776?ref_src=twsrc%5Etfw\">23 de marzo de 2022<\/a><\/blockquote><\/div>\n<\/div><\/figure>\n\n\n\n<p>Por si la afectaci\u00f3n de normalistas no fuera suficiente, en el Centro Hist\u00f3rico de Oaxaca se sum\u00f3 el bloqueo de los supervisores y jefe de sector de la Secci\u00f3n 22 del Sindicato Nacional de Trabajadores de la Educaci\u00f3n (SNTE).<\/p>\n\n\n\n<p>Adem\u00e1s, las dos fracciones del Sindicato de Trabajadores y Empleados de la Universidad Aut\u00f3noma \u201cBenito Ju\u00e1rez\u201d de Oaxaca (STEUABJO) bloquearon, cada una por su cuenta, de puntos m\u00e1s ante la falta de soluci\u00f3n a su pliego de demandas como parte de su emplazamiento a huelga el 29 y 30 de marzo.<\/p>\n\n\n\n<p>El grupo que encabeza el secretario general, Ariel Luj\u00e1n, cerr\u00f3 el bulevar Eduardo Vasconcelos frente a la Junta Local de Conciliaci\u00f3n y Arbitraje, mientras que la fracci\u00f3n que lidera Julio Mora, bloque\u00f3 la avenida Universidad frente a rector\u00eda de la UABJO.<\/p>\n\n\n\n<figure class=\"wp-block-embed is-type-rich is-provider-twitter wp-block-embed-twitter\"><div class=\"wp-block-embed__wrapper\">\n<div class=\"twitter-tweet\"><blockquote class=\"twitter-tweet\" data-lang=\"es\"><p lang=\"es\" dir=\"ltr\"><a href=\"https:\/\/twitter.com\/hashtag\/%C3%9AltimoMinuto?src=hash&amp;ref_src=twsrc%5Etfw\">#\u00daltimoMinuto<\/a> <br>Pese al bloqueo en la avenida Universidad de la capital oaxaque\u00f1a, las actividades en escuelas y facultades de Ciudad Universitaria, as\u00ed como en rector\u00eda de la UABJO, contin\u00faan con normalidad. <a href=\"https:\/\/t.co\/giCEPgu1Rb\">pic.twitter.com\/giCEPgu1Rb<\/a><\/p>&mdash; Zona Roja Oaxaca (@ZonaRoja_Oaxaca) <a href=\"https:\/\/twitter.com\/ZonaRoja_Oaxaca\/status\/1506707410609745921?ref_src=twsrc%5Etfw\">23 de marzo de 2022<\/a><\/blockquote><\/div>\n<\/div><\/figure>\n\n\n\n<p>SEDE DE PROTESTAS<\/p>\n\n\n\n<p>Diversos grupos se concentraron este mi\u00e9rcoles frente a Ciudad Administrativa, en Talixtac de Cabrera, para exigir a la Segego soluci\u00f3n inmediata a sus demandas.<\/p>\n\n\n\n<p>Integrantes de la Universidad del Pueblo cerraron los accesos del complejo cerca de las 15:00 horas, luego de una mesa de di\u00e1logo sin \u00e9xito en la Secretar\u00eda General de Gobierno para el reconocimiento de su instituci\u00f3n, por lo que decenas de trabajadores se quedaron retenidos en su interior.<\/p>\n\n\n\n<p>Afuera tambi\u00e9n, por segundo d\u00eda, se manifestaron pobladores de San Andr\u00e9s Chicahuaxtla para exigir la entrega de recursos p\u00fablicos del ramo 28, mientras que desde hace m\u00e1s de dos semanas permanecen en plant\u00f3n integrantes del Movimiento de Antorcha Campesina.<\/p>\n\n\n\n<p>OTRAS MANIFESTACIONES<\/p>\n\n\n\n<p>En la regi\u00f3n del Istmo continu\u00f3 el bloqueo por habitantes de la agencia San Antonio Monterrey, de Salina Cruz en la&nbsp; carretera trans\u00edstmica, sobre el tramo carretero Salina Cruz-Tehuantepec, para exigir al edil morenista Daniel M\u00e9ndez, respete la elecci\u00f3n de renovaci\u00f3n de las autoridades auxiliares.<\/p>\n\n\n\n<p>Por tema&nbsp;similar, ciudadanos de la agencia de San Mart\u00edn Mexic\u00e1pam de Oaxaca de Ju\u00e1rez se manifestaron en la sede de la agencia para exigir al edil Francisco Mart\u00ednez Neri, de Morena, respete la elecci\u00f3n de sus autoridades y &nbsp;tome protesta a sus nuevos representantes.&nbsp;<\/p>\n","protected":false},"excerpt":{"rendered":"<p>Yuridiana Sosa\/Zona Roja. Oaxaca de Ju\u00e1rez, Oax., 23 de marzo de 2022.- Las manifestaciones en&hellip;<\/p>\n","protected":false},"author":2,"featured_media":39110,"comment_status":"closed","ping_status":"open","sticky":false,"template":"","format":"standard","meta":{"_lmt_disableupdate":"","_lmt_disable":"","_jetpack_memberships_contains_paid_content":false,"footnotes":""},"categories":[109,47],"tags":[2264],"class_list":["post-39109","post","type-post","status-publish","format-standard","has-post-thumbnail","hentry","category-minuto-a-minuto","category-zona-gris","tag-bloqueos-y-protestas-oaxaca"],"jetpack_featured_media_url":"https:\/\/zonaroja.com.mx\/wp-content\/uploads\/2022\/03\/Bloqueos-normalistas.jpg","jetpack_sharing_enabled":true,"_links":{"self":[{"href":"https:\/\/zonaroja.com.mx\/index.php?rest_route=\/wp\/v2\/posts\/39109","targetHints":{"allow":["GET"]}}],"collection":[{"href":"https:\/\/zonaroja.com.mx\/index.php?rest_route=\/wp\/v2\/posts"}],"about":[{"href":"https:\/\/zonaroja.com.mx\/index.php?rest_route=\/wp\/v2\/types\/post"}],"author":[{"embeddable":true,"href":"https:\/\/zonaroja.com.mx\/index.php?rest_route=\/wp\/v2\/users\/2"}],"replies":[{"embeddable":true,"href":"https:\/\/zonaroja.com.mx\/index.php?rest_route=%2Fwp%2Fv2%2Fcomments&post=39109"}],"version-history":[{"count":1,"href":"https:\/\/zonaroja.com.mx\/index.php?rest_route=\/wp\/v2\/posts\/39109\/revisions"}],"predecessor-version":[{"id":39111,"href":"https:\/\/zonaroja.com.mx\/index.php?rest_route=\/wp\/v2\/posts\/39109\/revisions\/39111"}],"wp:featuredmedia":[{"embeddable":true,"href":"https:\/\/zonaroja.com.mx\/index.php?rest_route=\/wp\/v2\/media\/39110"}],"wp:attachment":[{"href":"https:\/\/zonaroja.com.mx\/index.php?rest_route=%2Fwp%2Fv2%2Fmedia&parent=39109"}],"wp:term":[{"taxonomy":"category","embeddable":true,"href":"https:\/\/zonaroja.com.mx\/index.php?rest_route=%2Fwp%2Fv2%2Fcategories&post=39109"},{"taxonomy":"post_tag","embeddable":true,"href":"https:\/\/zonaroja.com.mx\/index.php?rest_route=%2Fwp%2Fv2%2Ftags&post=39109"}],"curies":[{"name":"wp","href":"https:\/\/api.w.org\/{rel}","templated":true}]}}