{"id":39112,"date":"2022-03-23T22:17:17","date_gmt":"2022-03-24T04:17:17","guid":{"rendered":"http:\/\/www.zonaroja.com.mx\/?p=39112"},"modified":"2022-03-23T22:17:19","modified_gmt":"2022-03-24T04:17:19","slug":"asesinan-a-balazos-a-otro-individuo-en-juchitan-oaxaca","status":"publish","type":"post","link":"https:\/\/zonaroja.com.mx\/?p=39112","title":{"rendered":"Asesinan a balazos a otro individuo en Juchit\u00e1n, Oaxaca"},"content":{"rendered":"\n<p>Redacci\u00f3n\/Zona Roja.<\/p>\n\n\n\n<p>Oaxaca de Ju\u00e1rez, Oax., 23 de marzo de 2022.- La delincuencia no da tregua en Juchit\u00e1n de Zaragoza, ante desd\u00e9n del edil Emilio Monterio P\u00e9rez por la seguridad p\u00fablica.<\/p>\n\n\n\n<p>La tarde de este mi\u00e9rcoles fue asesinada una persona en la zona en que durante dos semanas ha habido bloqueos carreteros: el paraje \u201cPepe y Lolita\u201d, carretera a la agencia de \u00c1lvaro Obreg\u00f3n.<\/p>\n\n\n\n<p>La v\u00edctima fue identificada como Mart\u00edn Ortiz, de 40 a\u00f1os de edad, quien era habitante de dicha localidad, que desde hace casi dos semanas mantiene protestas contra la autoridad municipal, por la elecci\u00f3n de su agente.<\/p>\n\n\n\n<p>Hasta el momento no hay personas detenidas por este crimen ni el ayuntamiento ha reforzado la seguridad en la zona; tampoco ha atendido la inconformidad de los pobladores de la agencia \u00c1lvaro Obreg\u00f3n.<\/p>\n","protected":false},"excerpt":{"rendered":"<p>Redacci\u00f3n\/Zona Roja. Oaxaca de Ju\u00e1rez, Oax., 23 de marzo de 2022.- La delincuencia no da&hellip;<\/p>\n","protected":false},"author":2,"featured_media":38093,"comment_status":"closed","ping_status":"open","sticky":false,"template":"","format":"standard","meta":{"_lmt_disableupdate":"","_lmt_disable":"","_jetpack_memberships_contains_paid_content":false,"footnotes":""},"categories":[109,51],"tags":[123],"class_list":["post-39112","post","type-post","status-publish","format-standard","has-post-thumbnail","hentry","category-minuto-a-minuto","category-zona-roja","tag-juchitan-de-zaragoza"],"jetpack_featured_media_url":"https:\/\/zonaroja.com.mx\/wp-content\/uploads\/2022\/02\/Policia-escena-seguridad-violencia-crimen.jpg","jetpack_sharing_enabled":true,"_links":{"self":[{"href":"https:\/\/zonaroja.com.mx\/index.php?rest_route=\/wp\/v2\/posts\/39112","targetHints":{"allow":["GET"]}}],"collection":[{"href":"https:\/\/zonaroja.com.mx\/index.php?rest_route=\/wp\/v2\/posts"}],"about":[{"href":"https:\/\/zonaroja.com.mx\/index.php?rest_route=\/wp\/v2\/types\/post"}],"author":[{"embeddable":true,"href":"https:\/\/zonaroja.com.mx\/index.php?rest_route=\/wp\/v2\/users\/2"}],"replies":[{"embeddable":true,"href":"https:\/\/zonaroja.com.mx\/index.php?rest_route=%2Fwp%2Fv2%2Fcomments&post=39112"}],"version-history":[{"count":1,"href":"https:\/\/zonaroja.com.mx\/index.php?rest_route=\/wp\/v2\/posts\/39112\/revisions"}],"predecessor-version":[{"id":39113,"href":"https:\/\/zonaroja.com.mx\/index.php?rest_route=\/wp\/v2\/posts\/39112\/revisions\/39113"}],"wp:featuredmedia":[{"embeddable":true,"href":"https:\/\/zonaroja.com.mx\/index.php?rest_route=\/wp\/v2\/media\/38093"}],"wp:attachment":[{"href":"https:\/\/zonaroja.com.mx\/index.php?rest_route=%2Fwp%2Fv2%2Fmedia&parent=39112"}],"wp:term":[{"taxonomy":"category","embeddable":true,"href":"https:\/\/zonaroja.com.mx\/index.php?rest_route=%2Fwp%2Fv2%2Fcategories&post=39112"},{"taxonomy":"post_tag","embeddable":true,"href":"https:\/\/zonaroja.com.mx\/index.php?rest_route=%2Fwp%2Fv2%2Ftags&post=39112"}],"curies":[{"name":"wp","href":"https:\/\/api.w.org\/{rel}","templated":true}]}}