{"id":39117,"date":"2022-03-24T07:27:33","date_gmt":"2022-03-24T13:27:33","guid":{"rendered":"http:\/\/www.zonaroja.com.mx\/?p=39117"},"modified":"2022-03-24T07:27:35","modified_gmt":"2022-03-24T13:27:35","slug":"cumple-ayuntamiento-de-santa-lucia-del-camino-perspectiva-de-genero","status":"publish","type":"post","link":"https:\/\/zonaroja.com.mx\/?p=39117","title":{"rendered":"Cumple ayuntamiento de Santa Luc\u00eda del Camino perspectiva de g\u00e9nero"},"content":{"rendered":"\n<p>Redacci\u00f3n\/Zona Roja.<\/p>\n\n\n\n<p>Oaxaca de Ju\u00e1rez, Oax., 24 de marzo de 2022.- Haciendo realidad un compromiso de campa\u00f1a respecto a crear y capacitar al ayuntamiento de Santa Luc\u00eda del Camino en el tema de perspectiva de g\u00e9nero, el presidente municipal Juan Carlos Garc\u00eda M\u00e1rquez signa convenios para hacer valer el derecho de la mujer a una vida libre de violencia en el ejercicio p\u00fablico.<\/p>\n\n\n\n<p>Por ello, en coordinaci\u00f3n con la Instancia Municipal de la Mujer y el Centro de Reeducaci\u00f3n para Hombres que Ejercen Violencia contra las Mujeres de la Secretar\u00eda de Seguridad P\u00fablica de Oaxaca (SSPO), el edil dio inicio a la capacitaci\u00f3n sobre la transformaci\u00f3n de masculinidades, dirigido a hombres que trabajan en el municipio.<\/p>\n\n\n\n<p>Acompa\u00f1ado por la presidenta honoraria del DIF Municipal, Alberta Santo Altamirano, el presidente municipal reiter\u00f3 su compromiso de \u201ctener un municipio capacitado con perspectiva de g\u00e9nero, por eso hoy iniciamos con las pl\u00e1ticas a personal del ayuntamiento de Santa Luc\u00eda del Camino, para combatir violencias hacia las mujeres y propiciar conductas m\u00e1s equitativas y pac\u00edficas en la sociedad\u201d.<\/p>\n\n\n\n<p>Estas capacitaciones ser\u00e1n aplicadas durante 12 sesiones que ser\u00e1n de manera quincenal, que permitir\u00e1n que los hombres se conviertan en multiplicadores de la informaci\u00f3n respecto a la perspectiva de g\u00e9nero en el municipio, para as\u00ed crear espacios de igualdad.<\/p>\n\n\n\n<p>Por otra parte, Garc\u00eda M\u00e1rquez presidi\u00f3 un acto en la Unidad B\u00e1sica de Rehabilitaci\u00f3n, donde reconoci\u00f3 el trabajo que realiza el personal para mejorar la calidad de vida de la poblaci\u00f3n.<\/p>\n","protected":false},"excerpt":{"rendered":"<p>Redacci\u00f3n\/Zona Roja. Oaxaca de Ju\u00e1rez, Oax., 24 de marzo de 2022.- Haciendo realidad un compromiso&hellip;<\/p>\n","protected":false},"author":2,"featured_media":39118,"comment_status":"closed","ping_status":"open","sticky":false,"template":"","format":"standard","meta":{"_lmt_disableupdate":"","_lmt_disable":"","_jetpack_memberships_contains_paid_content":false,"footnotes":""},"categories":[109,46],"tags":[337],"class_list":["post-39117","post","type-post","status-publish","format-standard","has-post-thumbnail","hentry","category-minuto-a-minuto","category-zona-blanca","tag-santa-lucia-del-camino"],"jetpack_featured_media_url":"https:\/\/zonaroja.com.mx\/wp-content\/uploads\/2022\/03\/Capacitacion-Santa-Lucia-del-Camino.jpg","jetpack_sharing_enabled":true,"_links":{"self":[{"href":"https:\/\/zonaroja.com.mx\/index.php?rest_route=\/wp\/v2\/posts\/39117","targetHints":{"allow":["GET"]}}],"collection":[{"href":"https:\/\/zonaroja.com.mx\/index.php?rest_route=\/wp\/v2\/posts"}],"about":[{"href":"https:\/\/zonaroja.com.mx\/index.php?rest_route=\/wp\/v2\/types\/post"}],"author":[{"embeddable":true,"href":"https:\/\/zonaroja.com.mx\/index.php?rest_route=\/wp\/v2\/users\/2"}],"replies":[{"embeddable":true,"href":"https:\/\/zonaroja.com.mx\/index.php?rest_route=%2Fwp%2Fv2%2Fcomments&post=39117"}],"version-history":[{"count":1,"href":"https:\/\/zonaroja.com.mx\/index.php?rest_route=\/wp\/v2\/posts\/39117\/revisions"}],"predecessor-version":[{"id":39119,"href":"https:\/\/zonaroja.com.mx\/index.php?rest_route=\/wp\/v2\/posts\/39117\/revisions\/39119"}],"wp:featuredmedia":[{"embeddable":true,"href":"https:\/\/zonaroja.com.mx\/index.php?rest_route=\/wp\/v2\/media\/39118"}],"wp:attachment":[{"href":"https:\/\/zonaroja.com.mx\/index.php?rest_route=%2Fwp%2Fv2%2Fmedia&parent=39117"}],"wp:term":[{"taxonomy":"category","embeddable":true,"href":"https:\/\/zonaroja.com.mx\/index.php?rest_route=%2Fwp%2Fv2%2Fcategories&post=39117"},{"taxonomy":"post_tag","embeddable":true,"href":"https:\/\/zonaroja.com.mx\/index.php?rest_route=%2Fwp%2Fv2%2Ftags&post=39117"}],"curies":[{"name":"wp","href":"https:\/\/api.w.org\/{rel}","templated":true}]}}