{"id":39128,"date":"2022-03-24T14:38:17","date_gmt":"2022-03-24T20:38:17","guid":{"rendered":"https:\/\/www.zonaroja.com.mx\/?p=39128"},"modified":"2022-03-24T14:41:32","modified_gmt":"2022-03-24T20:41:32","slug":"suman-40-incendios-este-ano-en-oaxaca-imposible-combatir-uno-en-zona-triqui-por-conflictos","status":"publish","type":"post","link":"https:\/\/zonaroja.com.mx\/?p=39128","title":{"rendered":"Suman 40 incendios este a\u00f1o en Oaxaca; imposible combatir uno en zona Triqui, por conflictos"},"content":{"rendered":"\n<p>Yuridiana Sosa\/Zona Roja.<\/p>\n\n\n\n<p>Oaxaca de Ju\u00e1rez, Oax., 24 de marzo de 2022.- La Comisi\u00f3n Estatal Forestal de Oaxaca (Coesfo) report\u00f3 la actividad de tres incendios forestales en la entidad, entre los que destaca el registrado en Yosoyuxi, Santiago Juxtlahuaca, en la zona triqui de la regi\u00f3n Mixteca, pues debido al conflicto en la comunidad los brigadistas no pueden acceder.<\/p>\n\n\n\n<p>El director de la Coesfo, Aar\u00f3n Ju\u00e1rez, se\u00f1al\u00f3 que este incendio iniciado el 23 de marzo ha consumido aproximadamente unas tres hect\u00e1reas, de pino y encino principalmente, pero ante los riesgos que representa el ingreso de los combatientes a la zona, \u00e9ste debe extinguirse de forma natural.&nbsp;<\/p>\n\n\n\n<p>Ante el conflicto en la zona, del que las organizaciones sociales como son el Movimiento de Unificaci\u00f3n y Lucha Triqui (MULT) y el Movimiento de Unificaci\u00f3n y Lucha Triqui Independiente (MULTI) se acusan mutuamente de nuevas agresiones armadas, se sumaron los se\u00f1alamientos cruzados de tambi\u00e9n ser los responsables de dicho incendio.&nbsp;<\/p>\n\n\n\n<p>VAN 40 INCENDIOS&nbsp;<\/p>\n\n\n\n<p>En el transcurso del a\u00f1o, al corte de&nbsp;este jueves, se ha registrado un total de 40 incendios forestales, con una afectaci\u00f3n de mil&nbsp;459.28 hect\u00e1reas, inform\u00f3 la&nbsp;Comisi\u00f3n Estatal Forestal.<\/p>\n\n\n\n<p>Adem\u00e1s del incendio en la zona triqui se encuentran en combate dos m\u00e1s, uno en el paraje de&nbsp;Santo Domingo Zanatepec, en la regi\u00f3n del Istmo de Tehuantepec, donde se han afectado unas 10 hect\u00e1reas.&nbsp;<\/p>\n\n\n\n<p>Aar\u00f3n Ju\u00e1rez inform\u00f3 que la conflagraci\u00f3n se encuentra en combate y en la que los brigadistas de Oaxaca trabajan en conjunto con elementos de la Secretar\u00eda de la Defensa Nacional (Sedena), comuneros y de la Comisi\u00f3n Nacional Forestal (Conafor).<\/p>\n\n\n\n<p>Otro incendio en combate se localiza en el municipio de&nbsp;Santiago Lalopa, del distrito de Villa Alta, en la regi\u00f3n de Sierra Norte, el cual se ha logrado controlar en un 50 por ciento, y por el que se han siniestrado al menos unas siete hect\u00e1reas.&nbsp;<\/p>\n\n\n\n<p>El fuego en San Miguel Chimalapas fue combatido en su totalidad este mi\u00e9rcoles tras el trabajo conjunto de brigadistas de la Coesfo, Conafor y Sedena, asegur\u00f3 el director de la dependencia en Oaxaca.<\/p>\n","protected":false},"excerpt":{"rendered":"<p>Yuridiana Sosa\/Zona Roja. Oaxaca de Ju\u00e1rez, Oax., 24 de marzo de 2022.- La Comisi\u00f3n Estatal&hellip;<\/p>\n","protected":false},"author":2,"featured_media":39127,"comment_status":"closed","ping_status":"open","sticky":false,"template":"","format":"standard","meta":{"_lmt_disableupdate":"","_lmt_disable":"","_jetpack_memberships_contains_paid_content":false,"footnotes":""},"categories":[109,47],"tags":[3082],"class_list":["post-39128","post","type-post","status-publish","format-standard","has-post-thumbnail","hentry","category-minuto-a-minuto","category-zona-gris","tag-coesfo"],"jetpack_featured_media_url":"https:\/\/zonaroja.com.mx\/wp-content\/uploads\/2022\/03\/img_3064.jpg","jetpack_sharing_enabled":true,"_links":{"self":[{"href":"https:\/\/zonaroja.com.mx\/index.php?rest_route=\/wp\/v2\/posts\/39128","targetHints":{"allow":["GET"]}}],"collection":[{"href":"https:\/\/zonaroja.com.mx\/index.php?rest_route=\/wp\/v2\/posts"}],"about":[{"href":"https:\/\/zonaroja.com.mx\/index.php?rest_route=\/wp\/v2\/types\/post"}],"author":[{"embeddable":true,"href":"https:\/\/zonaroja.com.mx\/index.php?rest_route=\/wp\/v2\/users\/2"}],"replies":[{"embeddable":true,"href":"https:\/\/zonaroja.com.mx\/index.php?rest_route=%2Fwp%2Fv2%2Fcomments&post=39128"}],"version-history":[{"count":1,"href":"https:\/\/zonaroja.com.mx\/index.php?rest_route=\/wp\/v2\/posts\/39128\/revisions"}],"predecessor-version":[{"id":39129,"href":"https:\/\/zonaroja.com.mx\/index.php?rest_route=\/wp\/v2\/posts\/39128\/revisions\/39129"}],"wp:featuredmedia":[{"embeddable":true,"href":"https:\/\/zonaroja.com.mx\/index.php?rest_route=\/wp\/v2\/media\/39127"}],"wp:attachment":[{"href":"https:\/\/zonaroja.com.mx\/index.php?rest_route=%2Fwp%2Fv2%2Fmedia&parent=39128"}],"wp:term":[{"taxonomy":"category","embeddable":true,"href":"https:\/\/zonaroja.com.mx\/index.php?rest_route=%2Fwp%2Fv2%2Fcategories&post=39128"},{"taxonomy":"post_tag","embeddable":true,"href":"https:\/\/zonaroja.com.mx\/index.php?rest_route=%2Fwp%2Fv2%2Ftags&post=39128"}],"curies":[{"name":"wp","href":"https:\/\/api.w.org\/{rel}","templated":true}]}}