{"id":39132,"date":"2022-03-24T16:17:46","date_gmt":"2022-03-24T22:17:46","guid":{"rendered":"http:\/\/www.zonaroja.com.mx\/?p=39132"},"modified":"2022-03-24T16:17:48","modified_gmt":"2022-03-24T22:17:48","slug":"siguen-protestas-contra-martinez-neri-en-agencias-no-cesan-conflictos-en-el-estado","status":"publish","type":"post","link":"https:\/\/zonaroja.com.mx\/?p=39132","title":{"rendered":"Siguen protestas contra Mart\u00ednez Neri en agencias; no cesan conflictos en el estado"},"content":{"rendered":"\n<p>Yuridiana Sosa\/Zona Roja.<\/p>\n\n\n\n<p>Oaxaca de Ju\u00e1rez, Oax., 24 de marzo de 2022.- Ciudadanos de las agencias de Oaxaca de Ju\u00e1rez mantienen sus inconformidades contra el gobierno municipal de Francisco Mart\u00ednez Neri respecto a las elecciones de autoridades auxiliares, a las que este jueves se unieron habitantes de la agencia de Polic\u00eda de Montoya.<\/p>\n\n\n\n<p>Durante el desarrollo de la sesi\u00f3n de Cabildo, un grupo de ciudadanos se manifest\u00f3 para exigir al edil de Morena el respeto de sus usos y costumbres para elegir a las nuevas autoridades de su poblaci\u00f3n.<\/p>\n\n\n\n<p>Por medio de cartulinas, hombres y mujeres de Montoya demandaron soluci\u00f3n al conflicto electoral y condiciones, luego que el pasado domingo el proceso no se llev\u00f3 a cabo por la \u201ctoma\u201d del inmueble de la agencia por parte de otro grupo.<\/p>\n\n\n\n<p>CERCO EN LA CIUDAD<\/p>\n\n\n\n<p>Nuevamente, sin que ninguna autoridad lo impida, egresados normalistas volvieron a instalar una serie de bloqueos en el centro de la capital, en los que adem\u00e1s de \u201ctoma\u201d de urbanos, tambi\u00e9n incrementaron la retenci\u00f3n de camiones repartidoras de distintas empresas, con la suma de al menos siete unidades.<\/p>\n\n\n\n<figure class=\"wp-block-embed is-type-rich is-provider-twitter wp-block-embed-twitter\"><div class=\"wp-block-embed__wrapper\">\n<div class=\"twitter-tweet\"><blockquote class=\"twitter-tweet\" data-lang=\"es\"><p lang=\"es\" dir=\"ltr\"><a href=\"https:\/\/twitter.com\/hashtag\/%C3%9AltimoMinuto?src=hash&amp;ref_src=twsrc%5Etfw\">#\u00daltimoMinuto<\/a> <br>Los normalistas egresados que quieren una plaza de docente, vuelven a los actos vand\u00e1licos, al retener camiones del transporte de mercanc\u00edas y robar productos, en pleno centro de la ciudad de <a href=\"https:\/\/twitter.com\/hashtag\/Oaxaca?src=hash&amp;ref_src=twsrc%5Etfw\">#Oaxaca<\/a>. <a href=\"https:\/\/t.co\/aaHf2BFRdV\">pic.twitter.com\/aaHf2BFRdV<\/a><\/p>&mdash; Zona Roja Oaxaca (@ZonaRoja_Oaxaca) <a href=\"https:\/\/twitter.com\/ZonaRoja_Oaxaca\/status\/1507077400387014665?ref_src=twsrc%5Etfw\">24 de marzo de 2022<\/a><\/blockquote><\/div>\n<\/div><\/figure>\n\n\n\n<p>La mayor\u00eda de los veh\u00edculos retenidos fueron trasladados y estacionados frente a la antigua Casa Oficial de Gobierno, en la avenida Ju\u00e1rez, donde ahora fue instalada la casa de artesan\u00edas \u201cOcho Regiones\u201d.<\/p>\n\n\n\n<p>Este jueves fueron afectados los cruces de las calles de Ju\u00e1rez y Abasolo; Diaz Ordaz y Trujano; 20 de Noviembre e Hidalgo; Morelos esquina con Tinoco y Palacios; Morelos esquina con la calle de Aranda, as\u00ed como la calle de Independencia y Galeana, adem\u00e1s de la calle de Humboldt, en el Centro Hist\u00f3rico.<\/p>\n\n\n\n<p>Mientras que supervisores y jefe de sector de la Secci\u00f3n 22 del Sindicato Nacional de Trabajadores de la Educaci\u00f3n (SNTE) bloquearon en su totalidad el paso de la carretera federal 190 frente a las antiguas instalaciones del Instituto Estatal de Educaci\u00f3n P\u00fablica (IEEPO), para exigir al gobierno de Oaxaca cubrir sus demandas sindicales y laborales.<\/p>\n\n\n\n<p>M\u00c1S PROTESTAS<\/p>\n\n\n\n<p>Organizaciones encabezadas por el Frente Popular Revolucionario (FPR) se manifestaron frente a la sede de la Fiscal\u00eda General de Oaxaca (FGO) en San Antonio de la Cal, municipio conurbado, para exigir justicia por el asesinato de su compa\u00f1ero Tom\u00e1s Mart\u00ednez Pinacho, a 19 meses del hecho.<\/p>\n\n\n\n<p>Adem\u00e1s, habitantes de Juchit\u00e1n de Zaragoza reinstalaron el bloqueo en la carretera Trans\u00edstmica 185, en el punto conocido como \u201cPepe y Lolita\u201d, en el entronque a \u00c1lvaro Obreg\u00f3n, donde tambi\u00e9n exigen respeto a sus usos y costumbres para la elecci\u00f3n de sus autoridades auxiliares.\u00a0<\/p>\n\n\n\n<p>Mientras tanto, y luego de m\u00e1s de una semana de \u00abplant\u00f3n\u00bb, la organizaci\u00f3n Antorcha Campesina se retir\u00f3 del exterior de Ciudad Administrativa, ubicada en Tlalixtac de Cabrera.<\/p>\n","protected":false},"excerpt":{"rendered":"<p>Yuridiana Sosa\/Zona Roja. Oaxaca de Ju\u00e1rez, Oax., 24 de marzo de 2022.- Ciudadanos de las&hellip;<\/p>\n","protected":false},"author":2,"featured_media":39133,"comment_status":"closed","ping_status":"open","sticky":false,"template":"","format":"standard","meta":{"_lmt_disableupdate":"","_lmt_disable":"","_jetpack_memberships_contains_paid_content":false,"footnotes":""},"categories":[109,47],"tags":[2254],"class_list":["post-39132","post","type-post","status-publish","format-standard","has-post-thumbnail","hentry","category-minuto-a-minuto","category-zona-gris","tag-protestas-y-bloqueos-oaxaca"],"jetpack_featured_media_url":"https:\/\/zonaroja.com.mx\/wp-content\/uploads\/2022\/03\/Protesta-Cabildo.jpg","jetpack_sharing_enabled":true,"_links":{"self":[{"href":"https:\/\/zonaroja.com.mx\/index.php?rest_route=\/wp\/v2\/posts\/39132","targetHints":{"allow":["GET"]}}],"collection":[{"href":"https:\/\/zonaroja.com.mx\/index.php?rest_route=\/wp\/v2\/posts"}],"about":[{"href":"https:\/\/zonaroja.com.mx\/index.php?rest_route=\/wp\/v2\/types\/post"}],"author":[{"embeddable":true,"href":"https:\/\/zonaroja.com.mx\/index.php?rest_route=\/wp\/v2\/users\/2"}],"replies":[{"embeddable":true,"href":"https:\/\/zonaroja.com.mx\/index.php?rest_route=%2Fwp%2Fv2%2Fcomments&post=39132"}],"version-history":[{"count":1,"href":"https:\/\/zonaroja.com.mx\/index.php?rest_route=\/wp\/v2\/posts\/39132\/revisions"}],"predecessor-version":[{"id":39134,"href":"https:\/\/zonaroja.com.mx\/index.php?rest_route=\/wp\/v2\/posts\/39132\/revisions\/39134"}],"wp:featuredmedia":[{"embeddable":true,"href":"https:\/\/zonaroja.com.mx\/index.php?rest_route=\/wp\/v2\/media\/39133"}],"wp:attachment":[{"href":"https:\/\/zonaroja.com.mx\/index.php?rest_route=%2Fwp%2Fv2%2Fmedia&parent=39132"}],"wp:term":[{"taxonomy":"category","embeddable":true,"href":"https:\/\/zonaroja.com.mx\/index.php?rest_route=%2Fwp%2Fv2%2Fcategories&post=39132"},{"taxonomy":"post_tag","embeddable":true,"href":"https:\/\/zonaroja.com.mx\/index.php?rest_route=%2Fwp%2Fv2%2Ftags&post=39132"}],"curies":[{"name":"wp","href":"https:\/\/api.w.org\/{rel}","templated":true}]}}