{"id":39135,"date":"2022-03-24T18:55:22","date_gmt":"2022-03-25T00:55:22","guid":{"rendered":"http:\/\/www.zonaroja.com.mx\/?p=39135"},"modified":"2022-03-24T18:55:24","modified_gmt":"2022-03-25T00:55:24","slug":"equipa-santa-lucia-del-camino-a-policias-municipal-y-vial","status":"publish","type":"post","link":"https:\/\/zonaroja.com.mx\/?p=39135","title":{"rendered":"Equipa Santa Luc\u00eda del Camino a polic\u00edas municipal y vial"},"content":{"rendered":"\n<p>Redacci\u00f3n\/Zona Roja.<\/p>\n\n\n\n<p>Santa Luc\u00eda del Camino, Oax., 24 de marzo de 2022.- A menos de tres meses en el cargo, el ayuntamiento de Santa Luc\u00eda del Camino entreg\u00f3 equipos y uniformes de calidad a polic\u00edas viales y municipales de esta demarcaci\u00f3n.<\/p>\n\n\n\n<p>En un acto efectuado en la explanada municipal, se pusieron en manos de elementos, uniformes, armas largas y cortas y dem\u00e1s implementos a los alrededor de 100 integrantes de la corporaci\u00f3n.<\/p>\n\n\n\n<p>El acto estuvo encabezado por el edil Juan Carlos Garc\u00eda M\u00e1rquez, quien expuso que los uniformados hab\u00edan estado por a\u00f1os en el olvido y hoy dio respuesta a mejorar su calidad de servicio para la seguridad de las y los habitantes de este municipio.<\/p>\n\n\n\n<p>Acompa\u00f1ado por su esposa y presidenta honoraria del DIF Municipal, Bety Santos, regidoras y regidores y mandos policiales; se realiz\u00f3 la entrega tambi\u00e9n de espacios de descanso para las y los elementos de seguridad.<\/p>\n\n\n\n<p>\u201cEsta inversi\u00f3n que se est\u00e1 haciendo el d\u00eda de hoy, es con recurso de los ciudadanos, nosotros somos simplemente facilitadores para que las cosas ocurran aqu\u00ed en Santa Luc\u00eda del Camino; es muy importante la seguridad para todas y todos los ciudadanos, es la parte que nos da la tranquilidad de vivir en nuestros domicilios, de desempe\u00f1ar nuestras actividades diarias con la paz que necesitamos\u201d, manifest\u00f3 Garc\u00eda M\u00e1rquez.<\/p>\n\n\n\n<figure class=\"wp-block-embed is-type-rich is-provider-twitter wp-block-embed-twitter\"><div class=\"wp-block-embed__wrapper\">\n<div class=\"twitter-tweet\"><blockquote class=\"twitter-tweet\" data-lang=\"es\"><p lang=\"es\" dir=\"ltr\"><a href=\"https:\/\/twitter.com\/hashtag\/ENVIVO?src=hash&amp;ref_src=twsrc%5Etfw\">#ENVIVO<\/a><br>Santa Luc\u00eda del Camino, Oax., 24 de marzo de 2022.- El edil del ayuntamiento de Santa Luc\u00eda del Camino (<a href=\"https:\/\/twitter.com\/SantaLucia_Ayto?ref_src=twsrc%5Etfw\">@SantaLucia_Ayto<\/a>), <a href=\"https:\/\/twitter.com\/JC_GMarquez?ref_src=twsrc%5Etfw\">@JC_GMarquez<\/a>, entrega equipamiento a elementos policiacos.<br><br>Transmisi\u00f3n: <br>\ud83d\udc47<a href=\"https:\/\/t.co\/0ETKOVqlvW\">https:\/\/t.co\/0ETKOVqlvW<\/a> <a href=\"https:\/\/t.co\/f6bdWEvP7u\">pic.twitter.com\/f6bdWEvP7u<\/a><\/p>&mdash; Zona Roja Oaxaca (@ZonaRoja_Oaxaca) <a href=\"https:\/\/twitter.com\/ZonaRoja_Oaxaca\/status\/1507052821157486594?ref_src=twsrc%5Etfw\">24 de marzo de 2022<\/a><\/blockquote><\/div>\n<\/div><\/figure>\n\n\n\n<p>Por ello, el edil de Santa Luc\u00eda del Camino resalt\u00f3 su compromiso de voltear a ver las necesidades de los mandos policiales del municipio, porque ellos tambi\u00e9n merecen tener uniformes dignos, al igual que espacios de trabajo de calidad, as\u00ed como armamento \u00fatil y necesario para \u201ctener una Polic\u00eda fuerte, s\u00f3lida y sobre todo cercana a la gente\u201d.<\/p>\n\n\n\n<p>Por su parte, Marcos Fredy Hern\u00e1ndez L\u00f3pez, Director de Seguridad P\u00fablica, Vialidad y Protecci\u00f3n Ciudadana de Santa Luc\u00eda del Camino, se\u00f1al\u00f3 el compromiso del Ayuntamiento para mejorar las condiciones de trabajo de los polic\u00edas, para as\u00ed mejorar las acciones de seguridad en beneficio de la ciudadan\u00eda, ya que se merece vivir en paz y en orden, como en muchos a\u00f1os no se ha visto en el municipio.<\/p>\n\n\n\n<p>\u201cLa seguridad p\u00fablica parte a partir de los elementos que hacen el contacto d\u00eda a d\u00eda con los colonos, con los comercios, con las v\u00edctimas de violencia familiar, y sobre todo en esta parte para que podamos avanzar en tener una Polic\u00eda m\u00e1s profesional, m\u00e1s dedicada y disciplinada\u201d, puntualiz\u00f3.<\/p>\n","protected":false},"excerpt":{"rendered":"<p>Redacci\u00f3n\/Zona Roja. Santa Luc\u00eda del Camino, Oax., 24 de marzo de 2022.- A menos de&hellip;<\/p>\n","protected":false},"author":2,"featured_media":39136,"comment_status":"closed","ping_status":"open","sticky":false,"template":"","format":"standard","meta":{"_lmt_disableupdate":"","_lmt_disable":"","_jetpack_memberships_contains_paid_content":false,"footnotes":""},"categories":[109,46],"tags":[2533],"class_list":["post-39135","post","type-post","status-publish","format-standard","has-post-thumbnail","hentry","category-minuto-a-minuto","category-zona-blanca","tag-juan-carlos-garcia-marquez"],"jetpack_featured_media_url":"https:\/\/zonaroja.com.mx\/wp-content\/uploads\/2022\/03\/Equipamiento-policias-Santa-Lucia.jpg","jetpack_sharing_enabled":true,"_links":{"self":[{"href":"https:\/\/zonaroja.com.mx\/index.php?rest_route=\/wp\/v2\/posts\/39135","targetHints":{"allow":["GET"]}}],"collection":[{"href":"https:\/\/zonaroja.com.mx\/index.php?rest_route=\/wp\/v2\/posts"}],"about":[{"href":"https:\/\/zonaroja.com.mx\/index.php?rest_route=\/wp\/v2\/types\/post"}],"author":[{"embeddable":true,"href":"https:\/\/zonaroja.com.mx\/index.php?rest_route=\/wp\/v2\/users\/2"}],"replies":[{"embeddable":true,"href":"https:\/\/zonaroja.com.mx\/index.php?rest_route=%2Fwp%2Fv2%2Fcomments&post=39135"}],"version-history":[{"count":1,"href":"https:\/\/zonaroja.com.mx\/index.php?rest_route=\/wp\/v2\/posts\/39135\/revisions"}],"predecessor-version":[{"id":39137,"href":"https:\/\/zonaroja.com.mx\/index.php?rest_route=\/wp\/v2\/posts\/39135\/revisions\/39137"}],"wp:featuredmedia":[{"embeddable":true,"href":"https:\/\/zonaroja.com.mx\/index.php?rest_route=\/wp\/v2\/media\/39136"}],"wp:attachment":[{"href":"https:\/\/zonaroja.com.mx\/index.php?rest_route=%2Fwp%2Fv2%2Fmedia&parent=39135"}],"wp:term":[{"taxonomy":"category","embeddable":true,"href":"https:\/\/zonaroja.com.mx\/index.php?rest_route=%2Fwp%2Fv2%2Fcategories&post=39135"},{"taxonomy":"post_tag","embeddable":true,"href":"https:\/\/zonaroja.com.mx\/index.php?rest_route=%2Fwp%2Fv2%2Ftags&post=39135"}],"curies":[{"name":"wp","href":"https:\/\/api.w.org\/{rel}","templated":true}]}}