{"id":39138,"date":"2022-03-24T19:24:26","date_gmt":"2022-03-25T01:24:26","guid":{"rendered":"http:\/\/www.zonaroja.com.mx\/?p=39138"},"modified":"2022-03-24T19:24:28","modified_gmt":"2022-03-25T01:24:28","slug":"acepta-fiscalia-de-oaxaca-recomendacion-de-cndh-va-por-ruben-vasconcelos","status":"publish","type":"post","link":"https:\/\/zonaroja.com.mx\/?p=39138","title":{"rendered":"Acepta Fiscal\u00eda de Oaxaca recomendaci\u00f3n de CNDH; va por Rub\u00e9n Vasconcelos"},"content":{"rendered":"\n<p>Redacci\u00f3n\/Zona Roja.<\/p>\n\n\n\n<p>Oaxaca de Ju\u00e1rez, Oax., 24 de marzo de 2022.- La Fiscal\u00eda General del Estado de Oaxaca acept\u00f3 la recomendaci\u00f3n de la Comisi\u00f3n Nacional de Derechos HUmanos (CNDH) respecto a las omisiones en las indagatorias del caso de Mar\u00eda Elena R\u00edos Ortiz.<\/p>\n\n\n\n<p>Adem\u00e1s, ofrecer\u00e1 una disculpa p\u00fablica y garantiza acceso pleno a la justicia, por lo cual integrar\u00e1 una Carpeta de Investigaci\u00f3n por tr\u00e1fico de influencias en contra de ex funcionarios de la Fiscal\u00eda, entre ellos Rub\u00e9n Vasconcelos M\u00e9ndez, actual funcionario del Gobierno del Estado.<\/p>\n\n\n\n<p>Esta tarde, la instituci\u00f3n de procuraci\u00f3n de justicia emiti\u00f3 un comunicado en que detall\u00f3 que el fiscal General Peimbert Calvo, acept\u00f3 la resoluci\u00f3n del organismo aut\u00f3nomo de Derechos Humanos e instruy\u00f3 a las \u00e1reas de la FGEO para implementar las acciones correspondientes.<\/p>\n\n\n\n<p>Fue el pasado 8 de marzo en que acept\u00f3 de manera formal la recomendaci\u00f3n emitida por la CNDH respecto a las violaciones a los derechos humanos de la v\u00edctima identificada como Mar\u00eda Elena R\u00edos Ortiz, por lo que se dieron instrucciones para dar cumplimiento a trav\u00e9s de las \u00e1reas correspondientes dentro de esta Instituci\u00f3n.<\/p>\n\n\n\n<p>El pasado 18 de febrero de 2022, la CNDH emiti\u00f3 la recomendaci\u00f3n 28\/2022, sobre este caso, por lo que, entre otras acciones deber\u00e1 realizar la reparaci\u00f3n del da\u00f1o a favor de las v\u00edctimas en t\u00e9rminos de la Ley General de V\u00edctimas<\/p>\n\n\n\n<p>Garantizar su inscripci\u00f3n en el Registro Nacional de V\u00edctimas, a fin de que se proporcione la atenci\u00f3n m\u00e9dica, psicol\u00f3gica y\/o psiqui\u00e1trica individual y familiar que requieran las v\u00edctimas directas e indirectas<\/p>\n\n\n\n<p>&nbsp;Adem\u00e1s, generar un mecanismo de coordinaci\u00f3n interinstitucional para planeaci\u00f3n y ejecuci\u00f3n de medidas de atenci\u00f3n y protecci\u00f3n efectivas de las v\u00edctimas.&nbsp;<\/p>\n\n\n\n<p>Ofrecer una disculpa p\u00fablica a las v\u00edctimas; publicar durante un a\u00f1o la Recomendaci\u00f3n en la p\u00e1gina de internet de la Fiscal\u00eda General del Estado de Oaxaca.<\/p>\n\n\n\n<p>Tambi\u00e9n, dar cumplimiento a las Recomendaciones Generales 40\/2019 \u00abSobre la violencia feminicida y el derecho de las mujeres a una vida libre de violencia en M\u00e9xico\u00bb y 43\/2020 \u00abSobre violaci\u00f3n al acceso a la justicia e insuficiencia en la aplicaci\u00f3n de pol\u00edticas p\u00fablicas en la prevenci\u00f3n, atenci\u00f3n, sanci\u00f3n y reparaci\u00f3n integral del da\u00f1o a personas v\u00edctimas directas e indirectas de feminicidios y otras violencias\u00bb<\/p>\n\n\n\n<p>&nbsp;Colaborar en la presentaci\u00f3n y seguimiento de la queja en contra de servidores p\u00fablicos por las probables acciones y\/u omisiones en que pudieron haber incurrido con motivo de los hechos motivo de esta Recomendaci\u00f3n<\/p>\n\n\n\n<p>De la misma manera, integrar la Carpeta de Investigaci\u00f3n correspondiente por tr\u00e1fico de influencias en contra de dos servidores p\u00fablicos<\/p>\n\n\n\n<p>Crear una Unidad de An\u00e1lisis de contexto para estos delitos; dise\u00f1ar e impartir al personal que atiende e investiga delitos de violencia de g\u00e9nero, los cursos de capacitaci\u00f3n con perspectiva de g\u00e9nero en la investigaci\u00f3n de la violencia contra las mujeres.<\/p>\n\n\n\n<p>De acuerdo con el comunicado, el fiscal General, Arturo Peimbert Calvo, expres\u00f3 que el personal que labora en la FGEO trabajar\u00e1 activa y profesionalmente en el cumplimiento de estas recomendaciones, as\u00ed como en el puntual seguimiento al caso, garantizando el pleno acceso a la justicia de las v\u00edctimas directas e indirectas.<\/p>\n\n\n\n<p>Mar\u00eda Elena R\u00edos Ortiz fue v\u00edctima de un ataque con \u00e1cido el 19 de septiembre de 2019, en Huajuapan de Le\u00f3n, Oaxaca; por el caso hay tres personas detenidas, entre ellas el ex diputado local por el PRI, Juan Antonio V. C., mientras que su hijo Juan Antonio Vera Hern\u00e1ndez se encuentra pr\u00f3fugo de la justicia.<\/p>\n","protected":false},"excerpt":{"rendered":"<p>Redacci\u00f3n\/Zona Roja. Oaxaca de Ju\u00e1rez, Oax., 24 de marzo de 2022.- La Fiscal\u00eda General del&hellip;<\/p>\n","protected":false},"author":2,"featured_media":28651,"comment_status":"closed","ping_status":"open","sticky":false,"template":"","format":"standard","meta":{"_lmt_disableupdate":"","_lmt_disable":"","_jetpack_memberships_contains_paid_content":false,"footnotes":""},"categories":[109,47],"tags":[],"class_list":["post-39138","post","type-post","status-publish","format-standard","has-post-thumbnail","hentry","category-minuto-a-minuto","category-zona-gris"],"jetpack_featured_media_url":"https:\/\/zonaroja.com.mx\/wp-content\/uploads\/2021\/06\/Maria-Elena-Rios-3.jpg","jetpack_sharing_enabled":true,"_links":{"self":[{"href":"https:\/\/zonaroja.com.mx\/index.php?rest_route=\/wp\/v2\/posts\/39138","targetHints":{"allow":["GET"]}}],"collection":[{"href":"https:\/\/zonaroja.com.mx\/index.php?rest_route=\/wp\/v2\/posts"}],"about":[{"href":"https:\/\/zonaroja.com.mx\/index.php?rest_route=\/wp\/v2\/types\/post"}],"author":[{"embeddable":true,"href":"https:\/\/zonaroja.com.mx\/index.php?rest_route=\/wp\/v2\/users\/2"}],"replies":[{"embeddable":true,"href":"https:\/\/zonaroja.com.mx\/index.php?rest_route=%2Fwp%2Fv2%2Fcomments&post=39138"}],"version-history":[{"count":1,"href":"https:\/\/zonaroja.com.mx\/index.php?rest_route=\/wp\/v2\/posts\/39138\/revisions"}],"predecessor-version":[{"id":39139,"href":"https:\/\/zonaroja.com.mx\/index.php?rest_route=\/wp\/v2\/posts\/39138\/revisions\/39139"}],"wp:featuredmedia":[{"embeddable":true,"href":"https:\/\/zonaroja.com.mx\/index.php?rest_route=\/wp\/v2\/media\/28651"}],"wp:attachment":[{"href":"https:\/\/zonaroja.com.mx\/index.php?rest_route=%2Fwp%2Fv2%2Fmedia&parent=39138"}],"wp:term":[{"taxonomy":"category","embeddable":true,"href":"https:\/\/zonaroja.com.mx\/index.php?rest_route=%2Fwp%2Fv2%2Fcategories&post=39138"},{"taxonomy":"post_tag","embeddable":true,"href":"https:\/\/zonaroja.com.mx\/index.php?rest_route=%2Fwp%2Fv2%2Ftags&post=39138"}],"curies":[{"name":"wp","href":"https:\/\/api.w.org\/{rel}","templated":true}]}}