{"id":3914,"date":"2019-09-12T21:27:39","date_gmt":"2019-09-13T02:27:39","guid":{"rendered":"http:\/\/www.zonaroja.com.mx\/?p=3914"},"modified":"2019-09-12T21:27:41","modified_gmt":"2019-09-13T02:27:41","slug":"jueves-rojo-dos-asesinatos-en-ejutla-y-en-juchitan","status":"publish","type":"post","link":"https:\/\/zonaroja.com.mx\/?p=3914","title":{"rendered":"Jueves rojo: dos asesinatos, en Ejutla y en Juchit\u00e1n"},"content":{"rendered":"\n<p>Redacci\u00f3n\/Zona\nRoja.<\/p>\n\n\n\n<p>Oaxaca de\nJu\u00e1rez, Oax., 12 de septiembre de 2019.- Adem\u00e1s del feminicidio perpetrado\nanoche en San Juan Guichicovi, este jueves fueron asesinadas a balazos dos\npersonas del sexo masculino, en las regiones Istmo de Tehuantepec y Valles\nCentrales.<\/p>\n\n\n\n<p>Esta tarde,\nen el centro de Ejutla de Crespo, fue ultimado un individuo identificado hasta\nahora como P\u00e1nfilo \u201cN\u201d, en el interior de un bar; hasta el momento se desconocen\nm\u00e1s detalles del crimen.<\/p>\n\n\n\n<p>Por la\nma\u00f1ana, en la calle G\u00f3mez Far\u00edas esquina con Pino Su\u00e1rez de la Octava Secci\u00f3n\nde Juchit\u00e1n de Zaragoza, fue acribillado un sujeto identificado como V\u00edctor\nL\u00f3pez Wendlay.<\/p>\n\n\n\n<p>Tras ello,\nel o los probables delincuentes se dieron a la fuga, mientras que los\nfamiliares se llevaron el cuerpo a su domicilio, sin esperar el arribo del\nMinisterio P\u00fablico.<\/p>\n","protected":false},"excerpt":{"rendered":"<p>Redacci\u00f3n\/Zona Roja. Oaxaca de Ju\u00e1rez, Oax., 12 de septiembre de 2019.- Adem\u00e1s del feminicidio perpetrado&hellip;<\/p>\n","protected":false},"author":2,"featured_media":3915,"comment_status":"closed","ping_status":"open","sticky":false,"template":"","format":"standard","meta":{"_lmt_disableupdate":"","_lmt_disable":"","_jetpack_memberships_contains_paid_content":false,"footnotes":""},"categories":[109,51],"tags":[702,123],"class_list":["post-3914","post","type-post","status-publish","format-standard","has-post-thumbnail","hentry","category-minuto-a-minuto","category-zona-roja","tag-ejutla-de-crespo","tag-juchitan-de-zaragoza"],"jetpack_featured_media_url":"https:\/\/zonaroja.com.mx\/wp-content\/uploads\/2019\/09\/PHOTO-2019-09-12-16-58-34.jpg","jetpack_sharing_enabled":true,"_links":{"self":[{"href":"https:\/\/zonaroja.com.mx\/index.php?rest_route=\/wp\/v2\/posts\/3914","targetHints":{"allow":["GET"]}}],"collection":[{"href":"https:\/\/zonaroja.com.mx\/index.php?rest_route=\/wp\/v2\/posts"}],"about":[{"href":"https:\/\/zonaroja.com.mx\/index.php?rest_route=\/wp\/v2\/types\/post"}],"author":[{"embeddable":true,"href":"https:\/\/zonaroja.com.mx\/index.php?rest_route=\/wp\/v2\/users\/2"}],"replies":[{"embeddable":true,"href":"https:\/\/zonaroja.com.mx\/index.php?rest_route=%2Fwp%2Fv2%2Fcomments&post=3914"}],"version-history":[{"count":1,"href":"https:\/\/zonaroja.com.mx\/index.php?rest_route=\/wp\/v2\/posts\/3914\/revisions"}],"predecessor-version":[{"id":3916,"href":"https:\/\/zonaroja.com.mx\/index.php?rest_route=\/wp\/v2\/posts\/3914\/revisions\/3916"}],"wp:featuredmedia":[{"embeddable":true,"href":"https:\/\/zonaroja.com.mx\/index.php?rest_route=\/wp\/v2\/media\/3915"}],"wp:attachment":[{"href":"https:\/\/zonaroja.com.mx\/index.php?rest_route=%2Fwp%2Fv2%2Fmedia&parent=3914"}],"wp:term":[{"taxonomy":"category","embeddable":true,"href":"https:\/\/zonaroja.com.mx\/index.php?rest_route=%2Fwp%2Fv2%2Fcategories&post=3914"},{"taxonomy":"post_tag","embeddable":true,"href":"https:\/\/zonaroja.com.mx\/index.php?rest_route=%2Fwp%2Fv2%2Ftags&post=3914"}],"curies":[{"name":"wp","href":"https:\/\/api.w.org\/{rel}","templated":true}]}}