{"id":39140,"date":"2022-03-24T20:41:50","date_gmt":"2022-03-25T02:41:50","guid":{"rendered":"http:\/\/www.zonaroja.com.mx\/?p=39140"},"modified":"2022-03-24T20:42:24","modified_gmt":"2022-03-25T02:42:24","slug":"identifican-a-tres-jovenes-que-ejecutaron-y-calcinaron-en-oaxaca","status":"publish","type":"post","link":"https:\/\/zonaroja.com.mx\/?p=39140","title":{"rendered":"Identifican a tres j\u00f3venes que ejecutaron y calcinaron, en Oaxaca"},"content":{"rendered":"\n<p>Redacci\u00f3n\/Zona Roja.<\/p>\n\n\n\n<p>Oaxaca de Ju\u00e1rez, Oax., 24 de marzo de 2022.- Como Juan Carlos, de 20 a\u00f1os de edad; Julio C\u00e9sar, de 25 a\u00f1os, y Oseas, de 35 a\u00f1os, fueron identificados los tres j\u00f3venes que fueron reportados como desaparecidos el 12 de enero de este a\u00f1o y posteriormente hallados ejecutados y calcinados en una camioneta.<\/p>\n\n\n\n<p>La unidad de motor marca Nissan con placas de circulaci\u00f3n RX-90352 fue localizada la noche del 15 de enero en un arroyo de Santa Cruz Lachixolana, en los l\u00edmites con San Andr\u00e9s Zautla, Etla, Oaxaca.<\/p>\n\n\n\n<p>Los cuerpos totalmente carbonizados se hallaban en el interior y \u00fanicamente se hallaron manchas hem\u00e1ticas y casquillos percutidos en las inmediaciones. La camioneta con la que hab\u00edan salido de San Pablo, Etla, llevaba tambi\u00e9n una motocicleta, de la cual a\u00fan se desconoce su paradero.<\/p>\n\n\n\n<p>Ayer el Instituto de Servicios Periciales de la Fiscal\u00eda General del Estado confirm\u00f3 a los familiares el resultado de las pruebas de ADN.<\/p>\n\n\n\n<p>Las indagatorias contin\u00faan con la finalidad de esclarecer los hechos y aprehender a los probables responsables del triple homicidio.<\/p>\n\n\n\n<figure class=\"wp-block-image size-full\"><a href=\"http:\/\/www.zonaroja.com.mx\/wp-content\/uploads\/2022\/01\/Camioneta-calcinada-San-Andrez-Zautla.jpg\" data-rel=\"penci-gallery-image-content\" ><img decoding=\"async\" width=\"1024\" height=\"672\" src=\"http:\/\/www.zonaroja.com.mx\/wp-content\/uploads\/2022\/01\/Camioneta-calcinada-San-Andrez-Zautla.jpg\" alt=\"\" class=\"wp-image-36515\" srcset=\"https:\/\/zonaroja.com.mx\/wp-content\/uploads\/2022\/01\/Camioneta-calcinada-San-Andrez-Zautla.jpg 1024w, https:\/\/zonaroja.com.mx\/wp-content\/uploads\/2022\/01\/Camioneta-calcinada-San-Andrez-Zautla-300x197.jpg 300w, https:\/\/zonaroja.com.mx\/wp-content\/uploads\/2022\/01\/Camioneta-calcinada-San-Andrez-Zautla-768x504.jpg 768w, https:\/\/zonaroja.com.mx\/wp-content\/uploads\/2022\/01\/Camioneta-calcinada-San-Andrez-Zautla-585x384.jpg 585w\" sizes=\"(max-width: 1024px) 100vw, 1024px\" \/><\/a><\/figure>\n","protected":false},"excerpt":{"rendered":"<p>Redacci\u00f3n\/Zona Roja. Oaxaca de Ju\u00e1rez, Oax., 24 de marzo de 2022.- Como Juan Carlos, de&hellip;<\/p>\n","protected":false},"author":2,"featured_media":39141,"comment_status":"closed","ping_status":"open","sticky":false,"template":"","format":"standard","meta":{"_lmt_disableupdate":"","_lmt_disable":"","_jetpack_memberships_contains_paid_content":false,"footnotes":""},"categories":[109,47],"tags":[],"class_list":["post-39140","post","type-post","status-publish","format-standard","has-post-thumbnail","hentry","category-minuto-a-minuto","category-zona-gris"],"jetpack_featured_media_url":"https:\/\/zonaroja.com.mx\/wp-content\/uploads\/2022\/03\/Victimas-calcinados-zona-de-Etla.jpg","jetpack_sharing_enabled":true,"_links":{"self":[{"href":"https:\/\/zonaroja.com.mx\/index.php?rest_route=\/wp\/v2\/posts\/39140","targetHints":{"allow":["GET"]}}],"collection":[{"href":"https:\/\/zonaroja.com.mx\/index.php?rest_route=\/wp\/v2\/posts"}],"about":[{"href":"https:\/\/zonaroja.com.mx\/index.php?rest_route=\/wp\/v2\/types\/post"}],"author":[{"embeddable":true,"href":"https:\/\/zonaroja.com.mx\/index.php?rest_route=\/wp\/v2\/users\/2"}],"replies":[{"embeddable":true,"href":"https:\/\/zonaroja.com.mx\/index.php?rest_route=%2Fwp%2Fv2%2Fcomments&post=39140"}],"version-history":[{"count":2,"href":"https:\/\/zonaroja.com.mx\/index.php?rest_route=\/wp\/v2\/posts\/39140\/revisions"}],"predecessor-version":[{"id":39143,"href":"https:\/\/zonaroja.com.mx\/index.php?rest_route=\/wp\/v2\/posts\/39140\/revisions\/39143"}],"wp:featuredmedia":[{"embeddable":true,"href":"https:\/\/zonaroja.com.mx\/index.php?rest_route=\/wp\/v2\/media\/39141"}],"wp:attachment":[{"href":"https:\/\/zonaroja.com.mx\/index.php?rest_route=%2Fwp%2Fv2%2Fmedia&parent=39140"}],"wp:term":[{"taxonomy":"category","embeddable":true,"href":"https:\/\/zonaroja.com.mx\/index.php?rest_route=%2Fwp%2Fv2%2Fcategories&post=39140"},{"taxonomy":"post_tag","embeddable":true,"href":"https:\/\/zonaroja.com.mx\/index.php?rest_route=%2Fwp%2Fv2%2Ftags&post=39140"}],"curies":[{"name":"wp","href":"https:\/\/api.w.org\/{rel}","templated":true}]}}