{"id":39144,"date":"2022-03-24T21:44:40","date_gmt":"2022-03-25T03:44:40","guid":{"rendered":"http:\/\/www.zonaroja.com.mx\/?p=39144"},"modified":"2022-03-24T21:44:42","modified_gmt":"2022-03-25T03:44:42","slug":"neri-y-la-4t-en-oaxaca-capital-tenia-a-un-acosador-y-misogino-de-comandante-policiaco","status":"publish","type":"post","link":"https:\/\/zonaroja.com.mx\/?p=39144","title":{"rendered":"Neri y la 4T en Oaxaca capital: ten\u00eda a un acosador y mis\u00f3gino de comandante policiaco"},"content":{"rendered":"\n<p>Redacci\u00f3n\/Informativo 570.<\/p>\n\n\n\n<p>Oaxaca de Ju\u00e1rez, Oax., 24 de marzo de 2022.- Tras ser denunciado por actos de corrupci\u00f3n y misoginia, el comandante de la Polic\u00eda Municipal de Oaxaca de Ju\u00e1rez, Jos\u00e9 Luis Guti\u00e9rrez Ibarra, present\u00f3 su renuncia con car\u00e1cter irrevocable ante la corporaci\u00f3n.&nbsp;<\/p>\n\n\n\n<p>Guti\u00e9rrez Ibarra hab\u00eda sido denunciado en d\u00edas pasados de tejer una red de corrupci\u00f3n al interior de la Polic\u00eda Municipal, al tiempo de presumir su amistad con el secretario de Seguridad Ciudadana, Movilidad y Protecci\u00f3n Civil, Ra\u00fal \u00c1vila Ibarra.&nbsp;<\/p>\n\n\n\n<p>\u201cEl comandante goza de beneficios como el de cargar al erario municipal su alojamiento en el hotel \u2018Casa Cantera\u2019, en donde radica desde hace tres meses con su amigo Ra\u00fal. Tiene &nbsp;a su disposici\u00f3n la patrulla 193 para uso personal y que inclusive violando toda ley, tiene los vidrios polarizados; tambi\u00e9n acosa a &nbsp;las mujeres polic\u00edas de la instituci\u00f3n que pertenecen al grupo Bengala\u201d, se\u00f1ala una denuncia que realizaron uniformados.<\/p>\n\n\n\n<p>Adem\u00e1s, acusaron que Guti\u00e9rrez Ibarra cuenta con una plaza de mando superior, sin embargo, sus labores solo lo desempe\u00f1a seis horas diarias y s\u00e1bados y domingos los tomaba de descanso.<\/p>\n\n\n\n<p>Tras estos se\u00f1alamientos, el funcionario decidi\u00f3 presentar su renuncia, por lo que a partir del 31 de marzo deja de laborar en la corporaci\u00f3n de la Polic\u00eda Municipal de Oaxaca de Ju\u00e1rez.<\/p>\n\n\n\n<p>No obstante, el gobierno que encabeza Francisco Mart\u00ednez Neri no inform\u00f3 si iniciar\u00e1 la investigaci\u00f3n correspondiente; \u00fanicamente acept\u00f3 la renuncia.<\/p>\n","protected":false},"excerpt":{"rendered":"<p>Redacci\u00f3n\/Informativo 570. Oaxaca de Ju\u00e1rez, Oax., 24 de marzo de 2022.- Tras ser denunciado por&hellip;<\/p>\n","protected":false},"author":2,"featured_media":38072,"comment_status":"closed","ping_status":"open","sticky":false,"template":"","format":"standard","meta":{"_lmt_disableupdate":"","_lmt_disable":"","_jetpack_memberships_contains_paid_content":false,"footnotes":""},"categories":[109,47],"tags":[2418],"class_list":["post-39144","post","type-post","status-publish","format-standard","has-post-thumbnail","hentry","category-minuto-a-minuto","category-zona-gris","tag-francisco-martinez-neri"],"jetpack_featured_media_url":"https:\/\/zonaroja.com.mx\/wp-content\/uploads\/2022\/02\/Quejas-policia-municipal-Oaxaca-de-juarez.jpg","jetpack_sharing_enabled":true,"_links":{"self":[{"href":"https:\/\/zonaroja.com.mx\/index.php?rest_route=\/wp\/v2\/posts\/39144","targetHints":{"allow":["GET"]}}],"collection":[{"href":"https:\/\/zonaroja.com.mx\/index.php?rest_route=\/wp\/v2\/posts"}],"about":[{"href":"https:\/\/zonaroja.com.mx\/index.php?rest_route=\/wp\/v2\/types\/post"}],"author":[{"embeddable":true,"href":"https:\/\/zonaroja.com.mx\/index.php?rest_route=\/wp\/v2\/users\/2"}],"replies":[{"embeddable":true,"href":"https:\/\/zonaroja.com.mx\/index.php?rest_route=%2Fwp%2Fv2%2Fcomments&post=39144"}],"version-history":[{"count":1,"href":"https:\/\/zonaroja.com.mx\/index.php?rest_route=\/wp\/v2\/posts\/39144\/revisions"}],"predecessor-version":[{"id":39145,"href":"https:\/\/zonaroja.com.mx\/index.php?rest_route=\/wp\/v2\/posts\/39144\/revisions\/39145"}],"wp:featuredmedia":[{"embeddable":true,"href":"https:\/\/zonaroja.com.mx\/index.php?rest_route=\/wp\/v2\/media\/38072"}],"wp:attachment":[{"href":"https:\/\/zonaroja.com.mx\/index.php?rest_route=%2Fwp%2Fv2%2Fmedia&parent=39144"}],"wp:term":[{"taxonomy":"category","embeddable":true,"href":"https:\/\/zonaroja.com.mx\/index.php?rest_route=%2Fwp%2Fv2%2Fcategories&post=39144"},{"taxonomy":"post_tag","embeddable":true,"href":"https:\/\/zonaroja.com.mx\/index.php?rest_route=%2Fwp%2Fv2%2Ftags&post=39144"}],"curies":[{"name":"wp","href":"https:\/\/api.w.org\/{rel}","templated":true}]}}