{"id":39152,"date":"2022-03-25T07:12:01","date_gmt":"2022-03-25T13:12:01","guid":{"rendered":"http:\/\/www.zonaroja.com.mx\/?p=39152"},"modified":"2022-03-25T07:12:03","modified_gmt":"2022-03-25T13:12:03","slug":"mato-a-balazos-a-su-conyuge-le-dan-73-anos-de-prision-a-feminicida-de-tehuantepec","status":"publish","type":"post","link":"https:\/\/zonaroja.com.mx\/?p=39152","title":{"rendered":"Mat\u00f3 a balazos a su c\u00f3nyuge; le dan 73 a\u00f1os de prisi\u00f3n a feminicida de Tehuantepec"},"content":{"rendered":"\n<p>Redacci\u00f3n\/Zona Roja.&nbsp;<\/p>\n\n\n\n<p>Oaxaca de Ju\u00e1rez, Oax., 25 de marzo de 2022.- A 73 a\u00f1os de prisi\u00f3n y una multa de m\u00e1s de medio mill\u00f3n de pesos fue sentenciado un individuo que asesin\u00f3 a balazos a su c\u00f3nyuge, en Santo Domingo Tehuantepec, Oaxaca.<\/p>\n\n\n\n<p>La Fiscal\u00eda General del Estado de Oaxaca inform\u00f3 que gracias a la labor de investigaci\u00f3n y seguimiento de casos de muertes violentas de mujeres realizada, se obtuvo sentencia condenatoria.<\/p>\n\n\n\n<p>El sujeto es identificado como V. A. E. R., responsable del delito de feminicidio agravado contra O. J. M., cometido en diciembre de 2019, en Santo Domingo Tehuantepec, en la regi\u00f3n del Istmo.<\/p>\n\n\n\n<p>De acuerdo con la causa penal 554\/2019, el 1 de diciembre de 2019, el imputado agredi\u00f3 con disparos de arma de fuego a la v\u00edctima -quien era su c\u00f3nyuge-, cuando se encontraban en inmediaciones del Barrio Lieza perteneciente a la referida demarcaci\u00f3n; a causa de las heridas infligidas, O. J. M. perdi\u00f3 la vida.<\/p>\n\n\n\n<p>Ante este hecho, la Instituci\u00f3n de procuraci\u00f3n de justicia atrajo la investigaci\u00f3n -a trav\u00e9s de la Vicefiscal\u00eda Regional del Istmo- logrando presentar al imputado ante el Juez de Control, quien determin\u00f3 vincularlo a proceso.<\/p>\n\n\n\n<p>En audiencia, el Tribunal de Enjuiciamiento dict\u00f3 sentencia condenatoria contra el responsable, a quien impuso la pena de 73 a\u00f1os y cuatro meses de prisi\u00f3n, as\u00ed como el pago por concepto de la reparaci\u00f3n del da\u00f1o y multa por m\u00e1s de 526 mil pesos.<\/p>\n\n\n\n<p>El delito de feminicidio flagela al tejido social; por ello, la Fiscal\u00eda General realiza investigaciones exhaustivas, a fin de presentar ante la justicia y aplicar todo el rigor de la Ley a quienes resulten responsables, inform\u00f3 la instituci\u00f3n en un comunicado.<\/p>\n\n\n\n<p>POR PENSI\u00d3N ALIMENTARIA<\/p>\n\n\n\n<p>En otro caso, la Fiscal\u00eda General del Estado de Oaxaca (FGEO) obtuvo, del Juez de Control, vinculaci\u00f3n a proceso contra la persona del sexo masculino identificada como R. M. S., por su responsabilidad en el incumplimiento de las obligaciones alimentarias en agravio sus dos hijos -una joven y el segundo un menor de edad-, cometido en la regi\u00f3n de Valles Centrales.<\/p>\n\n\n\n<p>De acuerdo con los hechos asentados en la causa penal 1295\/2021, a partir de marzo de 2017 y hasta la fecha actual, el responsable no realiz\u00f3 el pago de la pensi\u00f3n alimenticia que el Juez de la causa decret\u00f3 en favor de sus dos hijos.<\/p>\n\n\n\n<p>Ante estos hechos, la Instituci\u00f3n de procuraci\u00f3n de justicia inici\u00f3 las diligencias correspondientes -a trav\u00e9s de la Fiscal\u00eda Especializada en Atenci\u00f3n a Delitos contra la Mujer por Raz\u00f3n de G\u00e9nero- y present\u00f3 al responsable ante el Juez de la causa.<\/p>\n\n\n\n<p>Luego de validar los datos probatorios proporcionados por la FGEO, el Juez en turno determin\u00f3 vincularlo a proceso, otorgando dos meses para el cierre de investigaci\u00f3n complementaria.<\/p>\n","protected":false},"excerpt":{"rendered":"<p>Redacci\u00f3n\/Zona Roja.&nbsp; Oaxaca de Ju\u00e1rez, Oax., 25 de marzo de 2022.- A 73 a\u00f1os de&hellip;<\/p>\n","protected":false},"author":2,"featured_media":30723,"comment_status":"closed","ping_status":"open","sticky":false,"template":"","format":"standard","meta":{"_lmt_disableupdate":"","_lmt_disable":"","_jetpack_memberships_contains_paid_content":false,"footnotes":""},"categories":[109,47],"tags":[494],"class_list":["post-39152","post","type-post","status-publish","format-standard","has-post-thumbnail","hentry","category-minuto-a-minuto","category-zona-gris","tag-fiscalia-general-del-estado-de-oaxaca"],"jetpack_featured_media_url":"https:\/\/zonaroja.com.mx\/wp-content\/uploads\/2021\/08\/Prision-carcel-1.jpg","jetpack_sharing_enabled":true,"_links":{"self":[{"href":"https:\/\/zonaroja.com.mx\/index.php?rest_route=\/wp\/v2\/posts\/39152","targetHints":{"allow":["GET"]}}],"collection":[{"href":"https:\/\/zonaroja.com.mx\/index.php?rest_route=\/wp\/v2\/posts"}],"about":[{"href":"https:\/\/zonaroja.com.mx\/index.php?rest_route=\/wp\/v2\/types\/post"}],"author":[{"embeddable":true,"href":"https:\/\/zonaroja.com.mx\/index.php?rest_route=\/wp\/v2\/users\/2"}],"replies":[{"embeddable":true,"href":"https:\/\/zonaroja.com.mx\/index.php?rest_route=%2Fwp%2Fv2%2Fcomments&post=39152"}],"version-history":[{"count":1,"href":"https:\/\/zonaroja.com.mx\/index.php?rest_route=\/wp\/v2\/posts\/39152\/revisions"}],"predecessor-version":[{"id":39153,"href":"https:\/\/zonaroja.com.mx\/index.php?rest_route=\/wp\/v2\/posts\/39152\/revisions\/39153"}],"wp:featuredmedia":[{"embeddable":true,"href":"https:\/\/zonaroja.com.mx\/index.php?rest_route=\/wp\/v2\/media\/30723"}],"wp:attachment":[{"href":"https:\/\/zonaroja.com.mx\/index.php?rest_route=%2Fwp%2Fv2%2Fmedia&parent=39152"}],"wp:term":[{"taxonomy":"category","embeddable":true,"href":"https:\/\/zonaroja.com.mx\/index.php?rest_route=%2Fwp%2Fv2%2Fcategories&post=39152"},{"taxonomy":"post_tag","embeddable":true,"href":"https:\/\/zonaroja.com.mx\/index.php?rest_route=%2Fwp%2Fv2%2Ftags&post=39152"}],"curies":[{"name":"wp","href":"https:\/\/api.w.org\/{rel}","templated":true}]}}