{"id":39154,"date":"2022-03-25T07:15:44","date_gmt":"2022-03-25T13:15:44","guid":{"rendered":"http:\/\/www.zonaroja.com.mx\/?p=39154"},"modified":"2022-03-25T07:15:46","modified_gmt":"2022-03-25T13:15:46","slug":"confirma-tribunal-negativa-a-registro-de-fuerza-por-mexico-de-oaxaca","status":"publish","type":"post","link":"https:\/\/zonaroja.com.mx\/?p=39154","title":{"rendered":"Confirma Tribunal negativa a registro de Fuerza por M\u00e9xico de Oaxaca"},"content":{"rendered":"\n<p>Redacci\u00f3n\/Zona Roja.&nbsp;<\/p>\n\n\n\n<p>Oaxaca de Ju\u00e1rez, Oax., a 25 de marzo de 2022.- En sesi\u00f3n p\u00fablica realizada ayer mediante videoconferencia, el pleno del Tribunal Electoral del Estado de Oaxaca (TEEO) confirm\u00f3 el oficio mediante el cual el Instituto Estatal Electoral y de Participaci\u00f3n Ciudadana de Oaxaca (IEEPCO) inform\u00f3 a Fuerza por M\u00e9xico, respecto a la negativa de su registro como partido pol\u00edtico local.<\/p>\n\n\n\n<p>Expuso en la sentencia del juicio ciudadano, identificado con la clave: JDC\/26\/2022, que el Instituto Estatal Electoral inform\u00f3 a la actora, de manera clara y precisa, los fundamentos y razonamientos jur\u00eddicos en los cuales bas\u00f3 su determinaci\u00f3n.<\/p>\n\n\n\n<p>La magistrada presidenta, magistrado y la secretaria de estudio y cuenta en funciones de magistrada resolvieron que son infundados los agravios hechos valer por la presidenta del Comit\u00e9 Directivo Estatal de Fuerza por M\u00e9xico, Mar\u00eda Salom\u00e9 Mart\u00ednez Salazar, respecto a la supuesta vulneraci\u00f3n a al principio de legalidad por parte del IEEPCO.<\/p>\n\n\n\n<p>La actora asegur\u00f3 que el Instituto Estatal Electoral no fue exhaustivo en el oficio: IEEPCO\/SE\/146\/2022, mediante el cual le dio respuesta a su solicitud de registro como partido pol\u00edtico local.<\/p>\n\n\n\n<p>Esta resoluci\u00f3n refiere que el 11 de enero pasado, Mart\u00ednez Salazar present\u00f3 ante la oficial\u00eda de partes del IEEPCO, un escrito en donde solicit\u00f3 que se otorgara el registro como partido pol\u00edtico local, al cual, el Instituto dio respuesta el 18 de enero siguiente.<\/p>\n\n\n\n<p>El Tribunal advirti\u00f3 que la representaci\u00f3n de Fuerza por M\u00e9xico hizo dos solicitudes anteriores de registro ante el IEEPCO.<\/p>\n\n\n\n<p>Respecto a la primera, detall\u00f3, el Instituto lo declar\u00f3 improcedente mediante el acuerdo: IEEPCO-CG-113\/2021, porque consider\u00f3 que el dictamen INE\/CG1569\/202, por el que resolvi\u00f3 la p\u00e9rdida de registro del otrora partido pol\u00edtico Fuerza por M\u00e9xico, aun no quedaba firme.<\/p>\n\n\n\n<p>El 30 de diciembre de 2021, el Instituto Local Electoral emiti\u00f3 el acuerdo: IEEPCO-CG-120\/2021, por el que declar\u00f3 improcedente la segunda solicitud de la actora, toda vez que a\u00fan no se cumpl\u00eda la condicionante referente a que se hubiera concluido el proceso local extraordinario del estado de Oaxaca, dejando a salvo sus derechos para solicitar el registro como partido pol\u00edtico local conforme al procedimiento, requisitos y plazos establecidos.<\/p>\n","protected":false},"excerpt":{"rendered":"<p>Redacci\u00f3n\/Zona Roja.&nbsp; Oaxaca de Ju\u00e1rez, Oax., a 25 de marzo de 2022.- En sesi\u00f3n p\u00fablica&hellip;<\/p>\n","protected":false},"author":2,"featured_media":26584,"comment_status":"closed","ping_status":"open","sticky":false,"template":"","format":"standard","meta":{"_lmt_disableupdate":"","_lmt_disable":"","_jetpack_memberships_contains_paid_content":false,"footnotes":""},"categories":[109,46],"tags":[2369],"class_list":["post-39154","post","type-post","status-publish","format-standard","has-post-thumbnail","hentry","category-minuto-a-minuto","category-zona-blanca","tag-salome-martinez-salazar"],"jetpack_featured_media_url":"https:\/\/zonaroja.com.mx\/wp-content\/uploads\/2021\/04\/Fuerza-por-Mexic.jpg","jetpack_sharing_enabled":true,"_links":{"self":[{"href":"https:\/\/zonaroja.com.mx\/index.php?rest_route=\/wp\/v2\/posts\/39154","targetHints":{"allow":["GET"]}}],"collection":[{"href":"https:\/\/zonaroja.com.mx\/index.php?rest_route=\/wp\/v2\/posts"}],"about":[{"href":"https:\/\/zonaroja.com.mx\/index.php?rest_route=\/wp\/v2\/types\/post"}],"author":[{"embeddable":true,"href":"https:\/\/zonaroja.com.mx\/index.php?rest_route=\/wp\/v2\/users\/2"}],"replies":[{"embeddable":true,"href":"https:\/\/zonaroja.com.mx\/index.php?rest_route=%2Fwp%2Fv2%2Fcomments&post=39154"}],"version-history":[{"count":1,"href":"https:\/\/zonaroja.com.mx\/index.php?rest_route=\/wp\/v2\/posts\/39154\/revisions"}],"predecessor-version":[{"id":39155,"href":"https:\/\/zonaroja.com.mx\/index.php?rest_route=\/wp\/v2\/posts\/39154\/revisions\/39155"}],"wp:featuredmedia":[{"embeddable":true,"href":"https:\/\/zonaroja.com.mx\/index.php?rest_route=\/wp\/v2\/media\/26584"}],"wp:attachment":[{"href":"https:\/\/zonaroja.com.mx\/index.php?rest_route=%2Fwp%2Fv2%2Fmedia&parent=39154"}],"wp:term":[{"taxonomy":"category","embeddable":true,"href":"https:\/\/zonaroja.com.mx\/index.php?rest_route=%2Fwp%2Fv2%2Fcategories&post=39154"},{"taxonomy":"post_tag","embeddable":true,"href":"https:\/\/zonaroja.com.mx\/index.php?rest_route=%2Fwp%2Fv2%2Ftags&post=39154"}],"curies":[{"name":"wp","href":"https:\/\/api.w.org\/{rel}","templated":true}]}}