{"id":39166,"date":"2022-03-25T09:53:00","date_gmt":"2022-03-25T15:53:00","guid":{"rendered":"http:\/\/www.zonaroja.com.mx\/?p=39166"},"modified":"2022-03-25T07:56:18","modified_gmt":"2022-03-25T13:56:18","slug":"icomos-mexico-pide-frenar-la-construccion-de-carretera-en-monte-alban","status":"publish","type":"post","link":"https:\/\/zonaroja.com.mx\/?p=39166","title":{"rendered":"ICOMOS-M\u00e9xico pide frenar la construcci\u00f3n de carretera en Monte Alb\u00e1n"},"content":{"rendered":"\n<p>Redacci\u00f3n\/Zona Roja Cdmx.<\/p>\n\n\n\n<p>Ciudad de M\u00e9xico, 25 de marzo de 2022.- El presidente del Consejo Internacional de Monumentos y Sitios , organismo \u201cA\u201d de la Unesco, ICOMOS-M\u00e9xico, Sa\u00fal Alc\u00e1ntara Onofre, envi\u00f3 una carta dirigida a Alejandra Frausto Guerrero, secretaria de Cultura Federal; a Alejandro Ismael Murat Hinojosa, gobernador del estado de Oaxaca y a Diego Prieto Hern\u00e1ndez, director del Instituto Nacional de Antropolog\u00eda e Historia (INAH), para manifestar el rechazo a las obras de pavimentaci\u00f3n del camino que une la Agencia Monte Alb\u00e1n (Los Ib\u00e1\u00f1ez), con la carretera de acceso exclusivo a la Zona Arqueol\u00f3gica de Monte Alb\u00e1n, Oaxaca.&nbsp;<\/p>\n\n\n\n<p>El argumento es que dichas obras se realizaron sin el diagn\u00f3stico, autorizaci\u00f3n, ni supervisi\u00f3n del INAH, como lo establece la Ley Federal sobre Monumentos y Zonas Arqueol\u00f3gicos, Art\u00edsticos e Hist\u00f3ricos.&nbsp;<\/p>\n\n\n\n<p>\u201cEstas obras, que inician en el kil\u00f3metro 3.9 dentro de la poligonal de Monte Alb\u00e1n, son un factor de urbanizaci\u00f3n no planificada al interior de una zona de monumentos arqueol\u00f3gicos con Declaratoria Oficial que propicia el establecimiento de asentamientos irregulares, caos y contaminaci\u00f3n vehicular, y usos de suelo no compatibles con la conservaci\u00f3n del sitio\u201d.&nbsp;<\/p>\n\n\n\n<p>La misiva fechada ayer 24 de marzo refiere que tales obras demeritan la inscripci\u00f3n de Monte Alb\u00e1n y el Centro Hist\u00f3rico de Oaxaca en la Lista de Patrimonio Mundial por la UNESCO, la cual fue otorgada en 1987 por sus valores universales excepcionales, autenticidad e integridad.&nbsp;<\/p>\n\n\n\n<p>\u201cDe acuerdo con la legislaci\u00f3n mexicana, toda obra de infraestructura en Zona de Monumentos Arqueol\u00f3gicos debe atenderse t\u00e9cnicamente antes y durante los trabajos, para identificar los vestigios, las necesidades y determinar su factibilidad. Solo de esta manera es posible lograr modelos integrados de gesti\u00f3n y conservaci\u00f3n y buenas pr\u00e1cticas en la protecci\u00f3n efectiva de los bienes con valor universal excepcional\u201d.&nbsp;<\/p>\n\n\n\n<p>La inscripci\u00f3n de la Zona Arqueol\u00f3gica de Monte Alb\u00e1n a la Lista de Patrimonio Mundial, subraya, otorga un reconocimiento internacional, al mismo tiempo compromete a nuestro pa\u00eds para asegurar que los bienes inscritos tengan la debida protecci\u00f3n y un sistema de gesti\u00f3n id\u00f3neo en el \u00e1mbito local, regional y nacional, as\u00ed como un plan conservaci\u00f3n.&nbsp;<\/p>\n\n\n\n<p>Por lo anterior, ICOMOS-M\u00e9xico urge a los distintos \u00f3rdenes de gobierno a encontrar soluciones conjuntas y planificadas para Monte Alb\u00e1n, sitio emblem\u00e1tico de la arqueolog\u00eda de M\u00e9xico y del continente americano, que est\u00e1 alcanzando un nivel de deterioro sin precedentes por el avance incontrolado de la mancha urbana.&nbsp;<\/p>\n\n\n\n<p>Asimismo, exige ejercer las sanciones marcadas por la ley para los responsables de este nuevo atropello al sitio arqueol\u00f3gico m\u00e1s emblem\u00e1tico de Oaxaca.&nbsp;<\/p>\n\n\n\n<p>\u201cICOMOS solicita respetuosamente a la Secretar\u00eda de Cultura y al INAH, a actuar urgentemente ante este caso, para garantizar el respeto a los inmensos valores culturales de Monte Alb\u00e1n, mediante la gesti\u00f3n del desarrollo sensato y sostenible del sitio, para su conservaci\u00f3n integral y el mejoramiento de la calidad de vida de la comunidad en sus alrededores\u201d, concluye la carta.&nbsp;<\/p>\n\n\n\n<p>Informaci\u00f3n de \u201cMilenio\u201d:<\/p>\n\n\n\n<figure class=\"wp-block-embed\"><div class=\"wp-block-embed__wrapper\">\nhttps:\/\/www.milenio.com\/cultura\/icomos-mexico-pide-frenar-construccion-carretera-monte-alban\n<\/div><\/figure>\n","protected":false},"excerpt":{"rendered":"<p>Redacci\u00f3n\/Zona Roja Cdmx. Ciudad de M\u00e9xico, 25 de marzo de 2022.- El presidente del Consejo&hellip;<\/p>\n","protected":false},"author":2,"featured_media":20455,"comment_status":"closed","ping_status":"open","sticky":false,"template":"","format":"standard","meta":{"_lmt_disableupdate":"","_lmt_disable":"","_jetpack_memberships_contains_paid_content":false,"footnotes":""},"categories":[109,47],"tags":[2247],"class_list":["post-39166","post","type-post","status-publish","format-standard","has-post-thumbnail","hentry","category-minuto-a-minuto","category-zona-gris","tag-zona-arqueologica-de-monte-alban"],"jetpack_featured_media_url":"https:\/\/zonaroja.com.mx\/wp-content\/uploads\/2020\/11\/Monte-Alban.jpg","jetpack_sharing_enabled":true,"_links":{"self":[{"href":"https:\/\/zonaroja.com.mx\/index.php?rest_route=\/wp\/v2\/posts\/39166","targetHints":{"allow":["GET"]}}],"collection":[{"href":"https:\/\/zonaroja.com.mx\/index.php?rest_route=\/wp\/v2\/posts"}],"about":[{"href":"https:\/\/zonaroja.com.mx\/index.php?rest_route=\/wp\/v2\/types\/post"}],"author":[{"embeddable":true,"href":"https:\/\/zonaroja.com.mx\/index.php?rest_route=\/wp\/v2\/users\/2"}],"replies":[{"embeddable":true,"href":"https:\/\/zonaroja.com.mx\/index.php?rest_route=%2Fwp%2Fv2%2Fcomments&post=39166"}],"version-history":[{"count":1,"href":"https:\/\/zonaroja.com.mx\/index.php?rest_route=\/wp\/v2\/posts\/39166\/revisions"}],"predecessor-version":[{"id":39167,"href":"https:\/\/zonaroja.com.mx\/index.php?rest_route=\/wp\/v2\/posts\/39166\/revisions\/39167"}],"wp:featuredmedia":[{"embeddable":true,"href":"https:\/\/zonaroja.com.mx\/index.php?rest_route=\/wp\/v2\/media\/20455"}],"wp:attachment":[{"href":"https:\/\/zonaroja.com.mx\/index.php?rest_route=%2Fwp%2Fv2%2Fmedia&parent=39166"}],"wp:term":[{"taxonomy":"category","embeddable":true,"href":"https:\/\/zonaroja.com.mx\/index.php?rest_route=%2Fwp%2Fv2%2Fcategories&post=39166"},{"taxonomy":"post_tag","embeddable":true,"href":"https:\/\/zonaroja.com.mx\/index.php?rest_route=%2Fwp%2Fv2%2Ftags&post=39166"}],"curies":[{"name":"wp","href":"https:\/\/api.w.org\/{rel}","templated":true}]}}